{"id":14397,"date":"2025-05-29T13:26:14","date_gmt":"2025-05-29T11:26:14","guid":{"rendered":"https:\/\/wzl2.mil.pl\/?p=14397"},"modified":"2025-05-30T13:40:27","modified_gmt":"2025-05-30T11:40:27","slug":"inauguration-of-the-process-of-handing-over-unmanned-aircraft-systems-sets-of-the-mini-class-program-codenamed-wizjer","status":"publish","type":"post","link":"https:\/\/wzl2.mil.pl\/en\/inauguration-of-the-process-of-handing-over-unmanned-aircraft-systems-sets-of-the-mini-class-program-codenamed-wizjer\/","title":{"rendered":"Inauguration of the process of handing over Unmanned Aircraft Systems Sets of the mini class, program codenamed Wizjer"},"content":{"rendered":"\t\t<div data-elementor-type=\"wp-post\" data-elementor-id=\"14397\" class=\"elementor elementor-14397\" data-elementor-post-type=\"post\">\n\t\t\t\t<div class=\"elementor-element elementor-element-df02cb5 e-flex e-con-boxed e-con e-parent\" data-id=\"df02cb5\" data-element_type=\"container\" data-e-type=\"container\">\n\t\t\t\t\t<div class=\"e-con-inner\">\n\t\t\t\t<div class=\"elementor-element elementor-element-aa5addc elementor-widget elementor-widget-text-editor\" data-id=\"aa5addc\" data-element_type=\"widget\" data-e-type=\"widget\" data-widget_type=\"text-editor.default\">\n\t\t\t\t<div class=\"elementor-widget-container\">\n\t\t\t\t\t\t\t\t\t<p>Today, i.e. on May 29, 2025, a gala ceremony was held at the Military Aviation Works No. 2 S.A. in Bydgoszcz to mark the start of the transfer process of the mini class Unmanned Aircraft Systems Sets, implemented under the program codenamed <strong>WIZJER.<\/strong><\/p><p>The event was attended by representatives of state authorities, the Polish Army and the national defense industry. The ceremony had a special dimension &#8211; a symbolic beginning of a new era for Polish tactical reconnaissance.<\/p><p>The <strong>Wizjer<\/strong> system is an advanced reconnaissance tool dedicated to battalion-level operations. It is capable of carrying out missions in difficult atmospheric conditions and is tightly integrated with command systems. It enables precise localization and identification of observed objects, significantly improving the operational capabilities of the Polish Armed Forces.<\/p><p>The first sets of the system have already been delivered to selected military units this week.<\/p><p>The system was developed under a contract executed by a consortium consisting of:<\/p><ul><li><strong>Polska Grupa Zbrojeniowa S.A.<\/strong> (consortium leader),<\/li><li><strong>Wojskowe Zak\u0142ady Lotnicze Nr 2 S.A.<\/strong> (technical leader),<\/li><li><strong>Wojskowe Zak\u0142ady Lotnicze Nr 1 S.A.,<\/strong> branch in D\u0119blin, in cooperation with the Air Force Institute of Technology.<\/li><\/ul><p>\u00a0<\/p><p>We are pleased to emphasize that our team is playing a key role in building Poland&#8217;s modern defense capabilities and developing technologies that truly support the country&#8217;s security. <strong>We are extremely proud of our employees &#8211; it is their commitment, knowledge and passion that are behind the success of the \u201cWizjer\u201d program.<\/strong> This project is a joint effort and proof that the Polish defense industry can provide innovative solutions at a world-class level.<\/p><p>\ud83d\udcf7 Photo by Arkadiusz Wojtasiewicz, Wojskowe Zak\u0142ady Lotnicze Nr. 2 S.A.<\/p>\t\t\t\t\t\t\t\t<\/div>\n\t\t\t\t<\/div>\n\t\t\t\t\t<\/div>\n\t\t\t\t<\/div>\n\t\t<div class=\"elementor-element elementor-element-684e2ad e-flex e-con-boxed e-con e-parent\" data-id=\"684e2ad\" data-element_type=\"container\" data-e-type=\"container\">\n\t\t\t\t\t<div class=\"e-con-inner\">\n\t\t\t\t<div class=\"elementor-element elementor-element-6f3f11b elementor-widget elementor-widget-gallery\" data-id=\"6f3f11b\" data-element_type=\"widget\" data-e-type=\"widget\" data-settings=\"{&quot;lazyload&quot;:&quot;yes&quot;,&quot;gallery_layout&quot;:&quot;grid&quot;,&quot;columns&quot;:4,&quot;columns_tablet&quot;:2,&quot;columns_mobile&quot;:1,&quot;gap&quot;:{&quot;unit&quot;:&quot;px&quot;,&quot;size&quot;:10,&quot;sizes&quot;:[]},&quot;gap_tablet&quot;:{&quot;unit&quot;:&quot;px&quot;,&quot;size&quot;:10,&quot;sizes&quot;:[]},&quot;gap_mobile&quot;:{&quot;unit&quot;:&quot;px&quot;,&quot;size&quot;:10,&quot;sizes&quot;:[]},&quot;link_to&quot;:&quot;file&quot;,&quot;aspect_ratio&quot;:&quot;3:2&quot;,&quot;overlay_background&quot;:&quot;yes&quot;,&quot;content_hover_animation&quot;:&quot;fade-in&quot;}\" data-widget_type=\"gallery.default\">\n\t\t\t\t<div class=\"elementor-widget-container\">\n\t\t\t\t\t\t\t<div class=\"elementor-gallery__container\">\n\t\t\t\t\t\t\t<a class=\"e-gallery-item elementor-gallery-item elementor-animated-content\" href=\"https:\/\/wzl2.mil.pl\/wp-content\/uploads\/WZL2-Inauguracja-Procesu-Przekazania-BSP-Wizjer-Gala.jpg\" data-elementor-open-lightbox=\"yes\" data-elementor-lightbox-slideshow=\"6f3f11b\" data-elementor-lightbox-title=\"WZL2-Inauguracja-Procesu-Przekazania-BSP-Wizjer-Gala\" data-e-action-hash=\"#elementor-action%3Aaction%3Dlightbox%26settings%3DeyJpZCI6MTQzMTAsInVybCI6Imh0dHBzOlwvXC93emwyLm1pbC5wbFwvd3AtY29udGVudFwvdXBsb2Fkc1wvV1pMMi1JbmF1Z3VyYWNqYS1Qcm9jZXN1LVByemVrYXphbmlhLUJTUC1XaXpqZXItR2FsYS5qcGciLCJzbGlkZXNob3ciOiI2ZjNmMTFiIn0%3D\">\n\t\t\t\t\t<div class=\"e-gallery-image elementor-gallery-item__image\" data-thumbnail=\"https:\/\/wzl2.mil.pl\/wp-content\/uploads\/WZL2-Inauguracja-Procesu-Przekazania-BSP-Wizjer-Gala-300x200.jpg\" data-width=\"300\" data-height=\"200\" aria-label=\"\" role=\"img\" ><\/div>\n\t\t\t\t\t\t\t\t\t\t\t<div class=\"elementor-gallery-item__overlay\"><\/div>\n\t\t\t\t\t\t\t\t\t\t\t\t\t\t<\/a>\n\t\t\t\t\t\t\t<a class=\"e-gallery-item elementor-gallery-item elementor-animated-content\" href=\"https:\/\/wzl2.mil.pl\/wp-content\/uploads\/Wzl2-inauguracja-Procesu-Przekazania-Ina.jpg\" data-elementor-open-lightbox=\"yes\" data-elementor-lightbox-slideshow=\"6f3f11b\" data-elementor-lightbox-title=\"Wzl2-inauguracja-Procesu-Przekazania-Ina\" data-e-action-hash=\"#elementor-action%3Aaction%3Dlightbox%26settings%3DeyJpZCI6MTQzOTEsInVybCI6Imh0dHBzOlwvXC93emwyLm1pbC5wbFwvd3AtY29udGVudFwvdXBsb2Fkc1wvV3psMi1pbmF1Z3VyYWNqYS1Qcm9jZXN1LVByemVrYXphbmlhLUluYS5qcGciLCJzbGlkZXNob3ciOiI2ZjNmMTFiIn0%3D\">\n\t\t\t\t\t<div class=\"e-gallery-image elementor-gallery-item__image\" data-thumbnail=\"https:\/\/wzl2.mil.pl\/wp-content\/uploads\/Wzl2-inauguracja-Procesu-Przekazania-Ina-300x200.jpg\" data-width=\"300\" data-height=\"200\" aria-label=\"\" role=\"img\" ><\/div>\n\t\t\t\t\t\t\t\t\t\t\t<div class=\"elementor-gallery-item__overlay\"><\/div>\n\t\t\t\t\t\t\t\t\t\t\t\t\t\t<\/a>\n\t\t\t\t\t\t\t<a class=\"e-gallery-item elementor-gallery-item elementor-animated-content\" href=\"https:\/\/wzl2.mil.pl\/wp-content\/uploads\/WZL2-Gala-Inauguracja-Procesu-Przekazania-Wizjer-Bydgoszcz-Prezentacja-15.jpg\" data-elementor-open-lightbox=\"yes\" data-elementor-lightbox-slideshow=\"6f3f11b\" data-elementor-lightbox-title=\"WZL2-Gala-Inauguracja-Procesu-Przekazania-Wizjer-Bydgoszcz-Prezentacja (15)\" data-e-action-hash=\"#elementor-action%3Aaction%3Dlightbox%26settings%3DeyJpZCI6MTQzNjksInVybCI6Imh0dHBzOlwvXC93emwyLm1pbC5wbFwvd3AtY29udGVudFwvdXBsb2Fkc1wvV1pMMi1HYWxhLUluYXVndXJhY2phLVByb2Nlc3UtUHJ6ZWthemFuaWEtV2l6amVyLUJ5ZGdvc3pjei1QcmV6ZW50YWNqYS0xNS5qcGciLCJzbGlkZXNob3ciOiI2ZjNmMTFiIn0%3D\">\n\t\t\t\t\t<div class=\"e-gallery-image elementor-gallery-item__image\" data-thumbnail=\"https:\/\/wzl2.mil.pl\/wp-content\/uploads\/WZL2-Gala-Inauguracja-Procesu-Przekazania-Wizjer-Bydgoszcz-Prezentacja-15-200x300.jpg\" data-width=\"200\" data-height=\"300\" aria-label=\"\" role=\"img\" ><\/div>\n\t\t\t\t\t\t\t\t\t\t\t<div class=\"elementor-gallery-item__overlay\"><\/div>\n\t\t\t\t\t\t\t\t\t\t\t\t\t\t<\/a>\n\t\t\t\t\t\t\t<a class=\"e-gallery-item elementor-gallery-item elementor-animated-content\" href=\"https:\/\/wzl2.mil.pl\/wp-content\/uploads\/WZL2-Gala-Inauguracja-Procesu-Przekazania-Wizjer-Bydgoszcz-Prezentacja-4.jpg\" data-elementor-open-lightbox=\"yes\" data-elementor-lightbox-slideshow=\"6f3f11b\" data-elementor-lightbox-title=\"WZL2-Gala-Inauguracja-Procesu-Przekazania-Wizjer-Bydgoszcz-Prezentacja (4)\" data-e-action-hash=\"#elementor-action%3Aaction%3Dlightbox%26settings%3DeyJpZCI6MTQzNDcsInVybCI6Imh0dHBzOlwvXC93emwyLm1pbC5wbFwvd3AtY29udGVudFwvdXBsb2Fkc1wvV1pMMi1HYWxhLUluYXVndXJhY2phLVByb2Nlc3UtUHJ6ZWthemFuaWEtV2l6amVyLUJ5ZGdvc3pjei1QcmV6ZW50YWNqYS00LmpwZyIsInNsaWRlc2hvdyI6IjZmM2YxMWIifQ%3D%3D\">\n\t\t\t\t\t<div class=\"e-gallery-image elementor-gallery-item__image\" data-thumbnail=\"https:\/\/wzl2.mil.pl\/wp-content\/uploads\/WZL2-Gala-Inauguracja-Procesu-Przekazania-Wizjer-Bydgoszcz-Prezentacja-4-300x200.jpg\" data-width=\"300\" data-height=\"200\" aria-label=\"\" role=\"img\" ><\/div>\n\t\t\t\t\t\t\t\t\t\t\t<div class=\"elementor-gallery-item__overlay\"><\/div>\n\t\t\t\t\t\t\t\t\t\t\t\t\t\t<\/a>\n\t\t\t\t\t\t\t<a class=\"e-gallery-item elementor-gallery-item elementor-animated-content\" href=\"https:\/\/wzl2.mil.pl\/wp-content\/uploads\/WZL2-Gala-Inauguracja-Procesu-Przekazania-Wizjer-Bydgoszcz-Prezentacja-12.jpg\" data-elementor-open-lightbox=\"yes\" data-elementor-lightbox-slideshow=\"6f3f11b\" data-elementor-lightbox-title=\"WZL2-Gala-Inauguracja-Procesu-Przekazania-Wizjer-Bydgoszcz-Prezentacja (12)\" data-e-action-hash=\"#elementor-action%3Aaction%3Dlightbox%26settings%3DeyJpZCI6MTQzNjMsInVybCI6Imh0dHBzOlwvXC93emwyLm1pbC5wbFwvd3AtY29udGVudFwvdXBsb2Fkc1wvV1pMMi1HYWxhLUluYXVndXJhY2phLVByb2Nlc3UtUHJ6ZWthemFuaWEtV2l6amVyLUJ5ZGdvc3pjei1QcmV6ZW50YWNqYS0xMi5qcGciLCJzbGlkZXNob3ciOiI2ZjNmMTFiIn0%3D\">\n\t\t\t\t\t<div class=\"e-gallery-image elementor-gallery-item__image\" data-thumbnail=\"https:\/\/wzl2.mil.pl\/wp-content\/uploads\/WZL2-Gala-Inauguracja-Procesu-Przekazania-Wizjer-Bydgoszcz-Prezentacja-12-300x200.jpg\" data-width=\"300\" data-height=\"200\" aria-label=\"\" role=\"img\" ><\/div>\n\t\t\t\t\t\t\t\t\t\t\t<div class=\"elementor-gallery-item__overlay\"><\/div>\n\t\t\t\t\t\t\t\t\t\t\t\t\t\t<\/a>\n\t\t\t\t\t\t\t<a class=\"e-gallery-item elementor-gallery-item elementor-animated-content\" href=\"https:\/\/wzl2.mil.pl\/wp-content\/uploads\/WZL2-Gala-Inauguracja-Procesu-Przekazania-Wizjer-Bydgoszcz-bsp-klasa-mini-wizjer.jpg\" data-elementor-open-lightbox=\"yes\" data-elementor-lightbox-slideshow=\"6f3f11b\" data-elementor-lightbox-title=\"WZL2-Gala-Inauguracja-Procesu-Przekazania-Wizjer-Bydgoszcz-bsp-klasa-mini-wizjer\" data-e-action-hash=\"#elementor-action%3Aaction%3Dlightbox%26settings%3DeyJpZCI6MTQzODcsInVybCI6Imh0dHBzOlwvXC93emwyLm1pbC5wbFwvd3AtY29udGVudFwvdXBsb2Fkc1wvV1pMMi1HYWxhLUluYXVndXJhY2phLVByb2Nlc3UtUHJ6ZWthemFuaWEtV2l6amVyLUJ5ZGdvc3pjei1ic3Ata2xhc2EtbWluaS13aXpqZXIuanBnIiwic2xpZGVzaG93IjoiNmYzZjExYiJ9\">\n\t\t\t\t\t<div class=\"e-gallery-image elementor-gallery-item__image\" data-thumbnail=\"https:\/\/wzl2.mil.pl\/wp-content\/uploads\/WZL2-Gala-Inauguracja-Procesu-Przekazania-Wizjer-Bydgoszcz-bsp-klasa-mini-wizjer-300x200.jpg\" data-width=\"300\" data-height=\"200\" aria-label=\"\" role=\"img\" ><\/div>\n\t\t\t\t\t\t\t\t\t\t\t<div class=\"elementor-gallery-item__overlay\"><\/div>\n\t\t\t\t\t\t\t\t\t\t\t\t\t\t<\/a>\n\t\t\t\t\t\t\t<a class=\"e-gallery-item elementor-gallery-item elementor-animated-content\" href=\"https:\/\/wzl2.mil.pl\/wp-content\/uploads\/WZL2-Gala-Inauguracja-Procesu-Przekazania-Wizjer-Bydgoszcz-Prezentacja-1.jpg\" data-elementor-open-lightbox=\"yes\" data-elementor-lightbox-slideshow=\"6f3f11b\" data-elementor-lightbox-title=\"WZL2-Gala-Inauguracja-Procesu-Przekazania-Wizjer-Bydgoszcz-Prezentacja (1)\" data-e-action-hash=\"#elementor-action%3Aaction%3Dlightbox%26settings%3DeyJpZCI6MTQzNDEsInVybCI6Imh0dHBzOlwvXC93emwyLm1pbC5wbFwvd3AtY29udGVudFwvdXBsb2Fkc1wvV1pMMi1HYWxhLUluYXVndXJhY2phLVByb2Nlc3UtUHJ6ZWthemFuaWEtV2l6amVyLUJ5ZGdvc3pjei1QcmV6ZW50YWNqYS0xLmpwZyIsInNsaWRlc2hvdyI6IjZmM2YxMWIifQ%3D%3D\">\n\t\t\t\t\t<div class=\"e-gallery-image elementor-gallery-item__image\" data-thumbnail=\"https:\/\/wzl2.mil.pl\/wp-content\/uploads\/WZL2-Gala-Inauguracja-Procesu-Przekazania-Wizjer-Bydgoszcz-Prezentacja-1-300x200.jpg\" data-width=\"300\" data-height=\"200\" aria-label=\"\" role=\"img\" ><\/div>\n\t\t\t\t\t\t\t\t\t\t\t<div class=\"elementor-gallery-item__overlay\"><\/div>\n\t\t\t\t\t\t\t\t\t\t\t\t\t\t<\/a>\n\t\t\t\t\t\t\t<a class=\"e-gallery-item elementor-gallery-item elementor-animated-content\" href=\"https:\/\/wzl2.mil.pl\/wp-content\/uploads\/WZL2-Bydgoszcz-BSP-Drony.jpg\" data-elementor-open-lightbox=\"yes\" data-elementor-lightbox-slideshow=\"6f3f11b\" data-elementor-lightbox-title=\"WZL2-Bydgoszcz-BSP-Drony\" data-e-action-hash=\"#elementor-action%3Aaction%3Dlightbox%26settings%3DeyJpZCI6MTQzOTMsInVybCI6Imh0dHBzOlwvXC93emwyLm1pbC5wbFwvd3AtY29udGVudFwvdXBsb2Fkc1wvV1pMMi1CeWRnb3N6Y3otQlNQLURyb255LmpwZyIsInNsaWRlc2hvdyI6IjZmM2YxMWIifQ%3D%3D\">\n\t\t\t\t\t<div class=\"e-gallery-image elementor-gallery-item__image\" data-thumbnail=\"https:\/\/wzl2.mil.pl\/wp-content\/uploads\/WZL2-Bydgoszcz-BSP-Drony-300x200.jpg\" data-width=\"300\" data-height=\"200\" aria-label=\"\" role=\"img\" ><\/div>\n\t\t\t\t\t\t\t\t\t\t\t<div class=\"elementor-gallery-item__overlay\"><\/div>\n\t\t\t\t\t\t\t\t\t\t\t\t\t\t<\/a>\n\t\t\t\t\t\t\t<a class=\"e-gallery-item elementor-gallery-item elementor-animated-content\" href=\"https:\/\/wzl2.mil.pl\/wp-content\/uploads\/WZL2-Inauguracja-Procesu-Przekazania-BSP-Wizjer-Uroczysta-Gala-Prezentacja-Sprzetu.jpg\" data-elementor-open-lightbox=\"yes\" data-elementor-lightbox-slideshow=\"6f3f11b\" data-elementor-lightbox-title=\"WZL2-Inauguracja-Procesu-Przekazania-BSP-Wizjer-Uroczysta-Gala-Prezentacja-Sprz\u0119tu\" data-e-action-hash=\"#elementor-action%3Aaction%3Dlightbox%26settings%3DeyJpZCI6MTQzMjQsInVybCI6Imh0dHBzOlwvXC93emwyLm1pbC5wbFwvd3AtY29udGVudFwvdXBsb2Fkc1wvV1pMMi1JbmF1Z3VyYWNqYS1Qcm9jZXN1LVByemVrYXphbmlhLUJTUC1XaXpqZXItVXJvY3p5c3RhLUdhbGEtUHJlemVudGFjamEtU3ByemV0dS5qcGciLCJzbGlkZXNob3ciOiI2ZjNmMTFiIn0%3D\">\n\t\t\t\t\t<div class=\"e-gallery-image elementor-gallery-item__image\" data-thumbnail=\"https:\/\/wzl2.mil.pl\/wp-content\/uploads\/WZL2-Inauguracja-Procesu-Przekazania-BSP-Wizjer-Uroczysta-Gala-Prezentacja-Sprzetu-300x200.jpg\" data-width=\"300\" data-height=\"200\" aria-label=\"\" role=\"img\" ><\/div>\n\t\t\t\t\t\t\t\t\t\t\t<div class=\"elementor-gallery-item__overlay\"><\/div>\n\t\t\t\t\t\t\t\t\t\t\t\t\t\t<\/a>\n\t\t\t\t\t\t\t<a class=\"e-gallery-item elementor-gallery-item elementor-animated-content\" href=\"https:\/\/wzl2.mil.pl\/wp-content\/uploads\/WZL2-Inauguracja-Procesu-Przekazania-BSP-Wizjer-Uroczysta-Gala-konferencja-Prasowa-BSP.jpg\" data-elementor-open-lightbox=\"yes\" data-elementor-lightbox-slideshow=\"6f3f11b\" data-elementor-lightbox-title=\"WZL2-Inauguracja-Procesu-Przekazania-BSP-Wizjer-Uroczysta-Gala-konferencja-Prasowa-BSP\" data-e-action-hash=\"#elementor-action%3Aaction%3Dlightbox%26settings%3DeyJpZCI6MTQzMjIsInVybCI6Imh0dHBzOlwvXC93emwyLm1pbC5wbFwvd3AtY29udGVudFwvdXBsb2Fkc1wvV1pMMi1JbmF1Z3VyYWNqYS1Qcm9jZXN1LVByemVrYXphbmlhLUJTUC1XaXpqZXItVXJvY3p5c3RhLUdhbGEta29uZmVyZW5jamEtUHJhc293YS1CU1AuanBnIiwic2xpZGVzaG93IjoiNmYzZjExYiJ9\">\n\t\t\t\t\t<div class=\"e-gallery-image elementor-gallery-item__image\" data-thumbnail=\"https:\/\/wzl2.mil.pl\/wp-content\/uploads\/WZL2-Inauguracja-Procesu-Przekazania-BSP-Wizjer-Uroczysta-Gala-konferencja-Prasowa-BSP-200x300.jpg\" data-width=\"200\" data-height=\"300\" aria-label=\"\" role=\"img\" ><\/div>\n\t\t\t\t\t\t\t\t\t\t\t<div class=\"elementor-gallery-item__overlay\"><\/div>\n\t\t\t\t\t\t\t\t\t\t\t\t\t\t<\/a>\n\t\t\t\t\t\t\t<a class=\"e-gallery-item elementor-gallery-item elementor-animated-content\" href=\"https:\/\/wzl2.mil.pl\/wp-content\/uploads\/WZL2-Gala-Inauguracja-Procesu-Przekazania-Wizjer-Bydgoszcz-Prezentacja-14.jpg\" data-elementor-open-lightbox=\"yes\" data-elementor-lightbox-slideshow=\"6f3f11b\" data-elementor-lightbox-title=\"WZL2-Gala-Inauguracja-Procesu-Przekazania-Wizjer-Bydgoszcz-Prezentacja (14)\" data-e-action-hash=\"#elementor-action%3Aaction%3Dlightbox%26settings%3DeyJpZCI6MTQzNjcsInVybCI6Imh0dHBzOlwvXC93emwyLm1pbC5wbFwvd3AtY29udGVudFwvdXBsb2Fkc1wvV1pMMi1HYWxhLUluYXVndXJhY2phLVByb2Nlc3UtUHJ6ZWthemFuaWEtV2l6amVyLUJ5ZGdvc3pjei1QcmV6ZW50YWNqYS0xNC5qcGciLCJzbGlkZXNob3ciOiI2ZjNmMTFiIn0%3D\">\n\t\t\t\t\t<div class=\"e-gallery-image elementor-gallery-item__image\" data-thumbnail=\"https:\/\/wzl2.mil.pl\/wp-content\/uploads\/WZL2-Gala-Inauguracja-Procesu-Przekazania-Wizjer-Bydgoszcz-Prezentacja-14-300x200.jpg\" data-width=\"300\" data-height=\"200\" aria-label=\"\" role=\"img\" ><\/div>\n\t\t\t\t\t\t\t\t\t\t\t<div class=\"elementor-gallery-item__overlay\"><\/div>\n\t\t\t\t\t\t\t\t\t\t\t\t\t\t<\/a>\n\t\t\t\t\t\t\t<a class=\"e-gallery-item elementor-gallery-item elementor-animated-content\" href=\"https:\/\/wzl2.mil.pl\/wp-content\/uploads\/WZL2-Gala-Inauguracja-Procesu-Przekazania-Wizjer-Bydgoszcz-Prezentacja-16.jpg\" data-elementor-open-lightbox=\"yes\" data-elementor-lightbox-slideshow=\"6f3f11b\" data-elementor-lightbox-title=\"WZL2-Gala-Inauguracja-Procesu-Przekazania-Wizjer-Bydgoszcz-Prezentacja (16)\" data-e-action-hash=\"#elementor-action%3Aaction%3Dlightbox%26settings%3DeyJpZCI6MTQzNzEsInVybCI6Imh0dHBzOlwvXC93emwyLm1pbC5wbFwvd3AtY29udGVudFwvdXBsb2Fkc1wvV1pMMi1HYWxhLUluYXVndXJhY2phLVByb2Nlc3UtUHJ6ZWthemFuaWEtV2l6amVyLUJ5ZGdvc3pjei1QcmV6ZW50YWNqYS0xNi5qcGciLCJzbGlkZXNob3ciOiI2ZjNmMTFiIn0%3D\">\n\t\t\t\t\t<div class=\"e-gallery-image elementor-gallery-item__image\" data-thumbnail=\"https:\/\/wzl2.mil.pl\/wp-content\/uploads\/WZL2-Gala-Inauguracja-Procesu-Przekazania-Wizjer-Bydgoszcz-Prezentacja-16-300x200.jpg\" data-width=\"300\" data-height=\"200\" aria-label=\"\" role=\"img\" ><\/div>\n\t\t\t\t\t\t\t\t\t\t\t<div class=\"elementor-gallery-item__overlay\"><\/div>\n\t\t\t\t\t\t\t\t\t\t\t\t\t\t<\/a>\n\t\t\t\t\t\t\t<a class=\"e-gallery-item elementor-gallery-item elementor-animated-content\" href=\"https:\/\/wzl2.mil.pl\/wp-content\/uploads\/WZL2-Inauguracja-Procesu-Przekazania-BSP-Wizjer-Klasa-Mini.jpg\" data-elementor-open-lightbox=\"yes\" data-elementor-lightbox-slideshow=\"6f3f11b\" data-elementor-lightbox-title=\"WZL2-Inauguracja-Procesu-Przekazania-BSP-Wizjer-Klasa-Mini\" data-e-action-hash=\"#elementor-action%3Aaction%3Dlightbox%26settings%3DeyJpZCI6MTQzMTIsInVybCI6Imh0dHBzOlwvXC93emwyLm1pbC5wbFwvd3AtY29udGVudFwvdXBsb2Fkc1wvV1pMMi1JbmF1Z3VyYWNqYS1Qcm9jZXN1LVByemVrYXphbmlhLUJTUC1XaXpqZXItS2xhc2EtTWluaS5qcGciLCJzbGlkZXNob3ciOiI2ZjNmMTFiIn0%3D\">\n\t\t\t\t\t<div class=\"e-gallery-image elementor-gallery-item__image\" data-thumbnail=\"https:\/\/wzl2.mil.pl\/wp-content\/uploads\/WZL2-Inauguracja-Procesu-Przekazania-BSP-Wizjer-Klasa-Mini-300x200.jpg\" data-width=\"300\" data-height=\"200\" aria-label=\"\" role=\"img\" ><\/div>\n\t\t\t\t\t\t\t\t\t\t\t<div class=\"elementor-gallery-item__overlay\"><\/div>\n\t\t\t\t\t\t\t\t\t\t\t\t\t\t<\/a>\n\t\t\t\t\t\t\t<a class=\"e-gallery-item elementor-gallery-item elementor-animated-content\" href=\"https:\/\/wzl2.mil.pl\/wp-content\/uploads\/WZL2-Gala-Inauguracja-Procesu-Przekazania-Wizjer-Bydgoszcz-Prezentacja-9.jpg\" data-elementor-open-lightbox=\"yes\" data-elementor-lightbox-slideshow=\"6f3f11b\" data-elementor-lightbox-title=\"WZL2-Gala-Inauguracja-Procesu-Przekazania-Wizjer-Bydgoszcz-Prezentacja (9)\" data-e-action-hash=\"#elementor-action%3Aaction%3Dlightbox%26settings%3DeyJpZCI6MTQzNTcsInVybCI6Imh0dHBzOlwvXC93emwyLm1pbC5wbFwvd3AtY29udGVudFwvdXBsb2Fkc1wvV1pMMi1HYWxhLUluYXVndXJhY2phLVByb2Nlc3UtUHJ6ZWthemFuaWEtV2l6amVyLUJ5ZGdvc3pjei1QcmV6ZW50YWNqYS05LmpwZyIsInNsaWRlc2hvdyI6IjZmM2YxMWIifQ%3D%3D\">\n\t\t\t\t\t<div class=\"e-gallery-image elementor-gallery-item__image\" data-thumbnail=\"https:\/\/wzl2.mil.pl\/wp-content\/uploads\/WZL2-Gala-Inauguracja-Procesu-Przekazania-Wizjer-Bydgoszcz-Prezentacja-9-300x200.jpg\" data-width=\"300\" data-height=\"200\" aria-label=\"\" role=\"img\" ><\/div>\n\t\t\t\t\t\t\t\t\t\t\t<div class=\"elementor-gallery-item__overlay\"><\/div>\n\t\t\t\t\t\t\t\t\t\t\t\t\t\t<\/a>\n\t\t\t\t\t\t\t<a class=\"e-gallery-item elementor-gallery-item elementor-animated-content\" href=\"https:\/\/wzl2.mil.pl\/wp-content\/uploads\/WZL2-Gala-Inauguracja-Procesu-Przekazania-Wizjer-Bydgoszcz-Prezentacja-7.jpg\" data-elementor-open-lightbox=\"yes\" data-elementor-lightbox-slideshow=\"6f3f11b\" data-elementor-lightbox-title=\"WZL2-Gala-Inauguracja-Procesu-Przekazania-Wizjer-Bydgoszcz-Prezentacja (7)\" data-e-action-hash=\"#elementor-action%3Aaction%3Dlightbox%26settings%3DeyJpZCI6MTQzNTMsInVybCI6Imh0dHBzOlwvXC93emwyLm1pbC5wbFwvd3AtY29udGVudFwvdXBsb2Fkc1wvV1pMMi1HYWxhLUluYXVndXJhY2phLVByb2Nlc3UtUHJ6ZWthemFuaWEtV2l6amVyLUJ5ZGdvc3pjei1QcmV6ZW50YWNqYS03LmpwZyIsInNsaWRlc2hvdyI6IjZmM2YxMWIifQ%3D%3D\">\n\t\t\t\t\t<div class=\"e-gallery-image elementor-gallery-item__image\" data-thumbnail=\"https:\/\/wzl2.mil.pl\/wp-content\/uploads\/WZL2-Gala-Inauguracja-Procesu-Przekazania-Wizjer-Bydgoszcz-Prezentacja-7-300x200.jpg\" data-width=\"300\" data-height=\"200\" aria-label=\"\" role=\"img\" ><\/div>\n\t\t\t\t\t\t\t\t\t\t\t<div class=\"elementor-gallery-item__overlay\"><\/div>\n\t\t\t\t\t\t\t\t\t\t\t\t\t\t<\/a>\n\t\t\t\t\t\t\t<a class=\"e-gallery-item elementor-gallery-item elementor-animated-content\" href=\"https:\/\/wzl2.mil.pl\/wp-content\/uploads\/WZL2-Inauguracja-Procesu-Przekazania-BSP-Wizjer-Uroczysta-Gala-Zestaw-BSP.jpg\" data-elementor-open-lightbox=\"yes\" data-elementor-lightbox-slideshow=\"6f3f11b\" data-elementor-lightbox-title=\"WZL2-Inauguracja-Procesu-Przekazania-BSP-Wizjer-Uroczysta-Gala-Zestaw-BSP\" data-e-action-hash=\"#elementor-action%3Aaction%3Dlightbox%26settings%3DeyJpZCI6MTQzMzQsInVybCI6Imh0dHBzOlwvXC93emwyLm1pbC5wbFwvd3AtY29udGVudFwvdXBsb2Fkc1wvV1pMMi1JbmF1Z3VyYWNqYS1Qcm9jZXN1LVByemVrYXphbmlhLUJTUC1XaXpqZXItVXJvY3p5c3RhLUdhbGEtWmVzdGF3LUJTUC5qcGciLCJzbGlkZXNob3ciOiI2ZjNmMTFiIn0%3D\">\n\t\t\t\t\t<div class=\"e-gallery-image elementor-gallery-item__image\" data-thumbnail=\"https:\/\/wzl2.mil.pl\/wp-content\/uploads\/WZL2-Inauguracja-Procesu-Przekazania-BSP-Wizjer-Uroczysta-Gala-Zestaw-BSP-200x300.jpg\" data-width=\"200\" data-height=\"300\" aria-label=\"\" role=\"img\" ><\/div>\n\t\t\t\t\t\t\t\t\t\t\t<div class=\"elementor-gallery-item__overlay\"><\/div>\n\t\t\t\t\t\t\t\t\t\t\t\t\t\t<\/a>\n\t\t\t\t\t\t\t<a class=\"e-gallery-item elementor-gallery-item elementor-animated-content\" href=\"https:\/\/wzl2.mil.pl\/wp-content\/uploads\/WZL2-Gala-Inauguracja-Procesu-Przekazania-Wizjer-Bydgoszcz-Prezentacja-2.jpg\" data-elementor-open-lightbox=\"yes\" data-elementor-lightbox-slideshow=\"6f3f11b\" data-elementor-lightbox-title=\"WZL2-Gala-Inauguracja-Procesu-Przekazania-Wizjer-Bydgoszcz-Prezentacja (2)\" data-e-action-hash=\"#elementor-action%3Aaction%3Dlightbox%26settings%3DeyJpZCI6MTQzNDMsInVybCI6Imh0dHBzOlwvXC93emwyLm1pbC5wbFwvd3AtY29udGVudFwvdXBsb2Fkc1wvV1pMMi1HYWxhLUluYXVndXJhY2phLVByb2Nlc3UtUHJ6ZWthemFuaWEtV2l6amVyLUJ5ZGdvc3pjei1QcmV6ZW50YWNqYS0yLmpwZyIsInNsaWRlc2hvdyI6IjZmM2YxMWIifQ%3D%3D\">\n\t\t\t\t\t<div class=\"e-gallery-image elementor-gallery-item__image\" data-thumbnail=\"https:\/\/wzl2.mil.pl\/wp-content\/uploads\/WZL2-Gala-Inauguracja-Procesu-Przekazania-Wizjer-Bydgoszcz-Prezentacja-2-300x200.jpg\" data-width=\"300\" data-height=\"200\" aria-label=\"\" role=\"img\" ><\/div>\n\t\t\t\t\t\t\t\t\t\t\t<div class=\"elementor-gallery-item__overlay\"><\/div>\n\t\t\t\t\t\t\t\t\t\t\t\t\t\t<\/a>\n\t\t\t\t\t\t\t<a class=\"e-gallery-item elementor-gallery-item elementor-animated-content\" href=\"https:\/\/wzl2.mil.pl\/wp-content\/uploads\/WZL2-Gala-Inauguracja-Procesu-Przekazania-Wizjer-Bydgoszcz-Prezentacja-3.jpg\" data-elementor-open-lightbox=\"yes\" data-elementor-lightbox-slideshow=\"6f3f11b\" data-elementor-lightbox-title=\"WZL2-Gala-Inauguracja-Procesu-Przekazania-Wizjer-Bydgoszcz-Prezentacja (3)\" data-e-action-hash=\"#elementor-action%3Aaction%3Dlightbox%26settings%3DeyJpZCI6MTQzNDUsInVybCI6Imh0dHBzOlwvXC93emwyLm1pbC5wbFwvd3AtY29udGVudFwvdXBsb2Fkc1wvV1pMMi1HYWxhLUluYXVndXJhY2phLVByb2Nlc3UtUHJ6ZWthemFuaWEtV2l6amVyLUJ5ZGdvc3pjei1QcmV6ZW50YWNqYS0zLmpwZyIsInNsaWRlc2hvdyI6IjZmM2YxMWIifQ%3D%3D\">\n\t\t\t\t\t<div class=\"e-gallery-image elementor-gallery-item__image\" data-thumbnail=\"https:\/\/wzl2.mil.pl\/wp-content\/uploads\/WZL2-Gala-Inauguracja-Procesu-Przekazania-Wizjer-Bydgoszcz-Prezentacja-3-300x200.jpg\" data-width=\"300\" data-height=\"200\" aria-label=\"\" role=\"img\" ><\/div>\n\t\t\t\t\t\t\t\t\t\t\t<div class=\"elementor-gallery-item__overlay\"><\/div>\n\t\t\t\t\t\t\t\t\t\t\t\t\t\t<\/a>\n\t\t\t\t\t\t\t<a class=\"e-gallery-item elementor-gallery-item elementor-animated-content\" href=\"https:\/\/wzl2.mil.pl\/wp-content\/uploads\/WZL2-Gala-Inauguracja-Procesu-Przekazania-Wizjer-Bydgoszcz-Prezentacja-19.jpg\" data-elementor-open-lightbox=\"yes\" data-elementor-lightbox-slideshow=\"6f3f11b\" data-elementor-lightbox-title=\"WZL2-Gala-Inauguracja-Procesu-Przekazania-Wizjer-Bydgoszcz-Prezentacja (19)\" data-e-action-hash=\"#elementor-action%3Aaction%3Dlightbox%26settings%3DeyJpZCI6MTQzNzcsInVybCI6Imh0dHBzOlwvXC93emwyLm1pbC5wbFwvd3AtY29udGVudFwvdXBsb2Fkc1wvV1pMMi1HYWxhLUluYXVndXJhY2phLVByb2Nlc3UtUHJ6ZWthemFuaWEtV2l6amVyLUJ5ZGdvc3pjei1QcmV6ZW50YWNqYS0xOS5qcGciLCJzbGlkZXNob3ciOiI2ZjNmMTFiIn0%3D\">\n\t\t\t\t\t<div class=\"e-gallery-image elementor-gallery-item__image\" data-thumbnail=\"https:\/\/wzl2.mil.pl\/wp-content\/uploads\/WZL2-Gala-Inauguracja-Procesu-Przekazania-Wizjer-Bydgoszcz-Prezentacja-19-300x200.jpg\" data-width=\"300\" data-height=\"200\" aria-label=\"\" role=\"img\" ><\/div>\n\t\t\t\t\t\t\t\t\t\t\t<div class=\"elementor-gallery-item__overlay\"><\/div>\n\t\t\t\t\t\t\t\t\t\t\t\t\t\t<\/a>\n\t\t\t\t\t<\/div>\n\t\t\t\t\t<\/div>\n\t\t\t\t<\/div>\n\t\t\t\t\t<\/div>\n\t\t\t\t<\/div>\n\t\t\t\t<\/div>\n\t\t","protected":false},"excerpt":{"rendered":"<p>Today, i.e. on May 29, 2025, a gala ceremony was held at the Military Aviation Works No. 2 S.A. in Bydgoszcz to mark the start of the transfer process of the mini class Unmanned Aircraft Systems Sets, implemented under the program codenamed WIZJER. The event was attended by representatives of state authorities, the Polish Army [&hellip;]<\/p>\n","protected":false},"author":21,"featured_media":14304,"comment_status":"closed","ping_status":"open","sticky":false,"template":"","format":"standard","meta":{"footnotes":""},"categories":[30],"tags":[],"class_list":["post-14397","post","type-post","status-publish","format-standard","has-post-thumbnail","hentry","category-aktualnosci-en"],"yoast_head":"<!-- This site is optimized with the Yoast SEO plugin v27.3 - https:\/\/yoast.com\/product\/yoast-seo-wordpress\/ -->\n<title>Inauguration of the process of handing over Unmanned Aircraft Systems Sets of the mini class, program codenamed Wizjer - Wojskowe Zak\u0142ady Lotnicze<\/title>\n<meta name=\"robots\" content=\"index, follow, max-snippet:-1, max-image-preview:large, max-video-preview:-1\" \/>\n<link rel=\"canonical\" href=\"https:\/\/wzl2.mil.pl\/en\/inauguration-of-the-process-of-handing-over-unmanned-aircraft-systems-sets-of-the-mini-class-program-codenamed-wizjer\/\" \/>\n<meta property=\"og:locale\" content=\"en_US\" \/>\n<meta property=\"og:type\" content=\"article\" \/>\n<meta property=\"og:title\" content=\"Inauguration of the process of handing over Unmanned Aircraft Systems Sets of the mini class, program codenamed Wizjer - Wojskowe Zak\u0142ady Lotnicze\" \/>\n<meta property=\"og:description\" content=\"Today, i.e. on May 29, 2025, a gala ceremony was held at the Military Aviation Works No. 2 S.A. in Bydgoszcz to mark the start of the transfer process of the mini class Unmanned Aircraft Systems Sets, implemented under the program codenamed WIZJER. The event was attended by representatives of state authorities, the Polish Army [&hellip;]\" \/>\n<meta property=\"og:url\" content=\"https:\/\/wzl2.mil.pl\/en\/inauguration-of-the-process-of-handing-over-unmanned-aircraft-systems-sets-of-the-mini-class-program-codenamed-wizjer\/\" \/>\n<meta property=\"og:site_name\" content=\"Wojskowe Zak\u0142ady Lotnicze\" \/>\n<meta property=\"article:published_time\" content=\"2025-05-29T11:26:14+00:00\" \/>\n<meta property=\"article:modified_time\" content=\"2025-05-30T11:40:27+00:00\" \/>\n<meta property=\"og:image\" content=\"https:\/\/wzl2.mil.pl\/wp-content\/uploads\/WZL2-Inauguracja-Procesu-Przekazania-BSP-Wizjer.jpg\" \/>\n\t<meta property=\"og:image:width\" content=\"2000\" \/>\n\t<meta property=\"og:image:height\" content=\"1333\" \/>\n\t<meta property=\"og:image:type\" content=\"image\/jpeg\" \/>\n<meta name=\"author\" content=\"Joanna Szewczykowska\" \/>\n<meta name=\"twitter:card\" content=\"summary_large_image\" \/>\n<meta name=\"twitter:label1\" content=\"Written by\" \/>\n\t<meta name=\"twitter:data1\" content=\"Joanna Szewczykowska\" \/>\n\t<meta name=\"twitter:label2\" content=\"Est. reading time\" \/>\n\t<meta name=\"twitter:data2\" content=\"2 minutes\" \/>\n<script type=\"application\/ld+json\" class=\"yoast-schema-graph\">{\"@context\":\"https:\\\/\\\/schema.org\",\"@graph\":[{\"@type\":\"Article\",\"@id\":\"https:\\\/\\\/wzl2.mil.pl\\\/en\\\/inauguration-of-the-process-of-handing-over-unmanned-aircraft-systems-sets-of-the-mini-class-program-codenamed-wizjer\\\/#article\",\"isPartOf\":{\"@id\":\"https:\\\/\\\/wzl2.mil.pl\\\/en\\\/inauguration-of-the-process-of-handing-over-unmanned-aircraft-systems-sets-of-the-mini-class-program-codenamed-wizjer\\\/\"},\"author\":{\"name\":\"Joanna Szewczykowska\",\"@id\":\"https:\\\/\\\/wzl2.mil.pl\\\/en\\\/#\\\/schema\\\/person\\\/f67b350d5d411c1b836a027fb7463d9c\"},\"headline\":\"Inauguration of the process of handing over Unmanned Aircraft Systems Sets of the mini class, program codenamed Wizjer\",\"datePublished\":\"2025-05-29T11:26:14+00:00\",\"dateModified\":\"2025-05-30T11:40:27+00:00\",\"mainEntityOfPage\":{\"@id\":\"https:\\\/\\\/wzl2.mil.pl\\\/en\\\/inauguration-of-the-process-of-handing-over-unmanned-aircraft-systems-sets-of-the-mini-class-program-codenamed-wizjer\\\/\"},\"wordCount\":293,\"publisher\":{\"@id\":\"https:\\\/\\\/wzl2.mil.pl\\\/en\\\/#organization\"},\"image\":{\"@id\":\"https:\\\/\\\/wzl2.mil.pl\\\/en\\\/inauguration-of-the-process-of-handing-over-unmanned-aircraft-systems-sets-of-the-mini-class-program-codenamed-wizjer\\\/#primaryimage\"},\"thumbnailUrl\":\"https:\\\/\\\/wzl2.mil.pl\\\/wp-content\\\/uploads\\\/WZL2-Inauguracja-Procesu-Przekazania-BSP-Wizjer.jpg\",\"articleSection\":[\"Aktualno\u015bci\"],\"inLanguage\":\"en-US\"},{\"@type\":\"WebPage\",\"@id\":\"https:\\\/\\\/wzl2.mil.pl\\\/en\\\/inauguration-of-the-process-of-handing-over-unmanned-aircraft-systems-sets-of-the-mini-class-program-codenamed-wizjer\\\/\",\"url\":\"https:\\\/\\\/wzl2.mil.pl\\\/en\\\/inauguration-of-the-process-of-handing-over-unmanned-aircraft-systems-sets-of-the-mini-class-program-codenamed-wizjer\\\/\",\"name\":\"Inauguration of the process of handing over Unmanned Aircraft Systems Sets of the mini class, program codenamed Wizjer - Wojskowe Zak\u0142ady Lotnicze\",\"isPartOf\":{\"@id\":\"https:\\\/\\\/wzl2.mil.pl\\\/en\\\/#website\"},\"primaryImageOfPage\":{\"@id\":\"https:\\\/\\\/wzl2.mil.pl\\\/en\\\/inauguration-of-the-process-of-handing-over-unmanned-aircraft-systems-sets-of-the-mini-class-program-codenamed-wizjer\\\/#primaryimage\"},\"image\":{\"@id\":\"https:\\\/\\\/wzl2.mil.pl\\\/en\\\/inauguration-of-the-process-of-handing-over-unmanned-aircraft-systems-sets-of-the-mini-class-program-codenamed-wizjer\\\/#primaryimage\"},\"thumbnailUrl\":\"https:\\\/\\\/wzl2.mil.pl\\\/wp-content\\\/uploads\\\/WZL2-Inauguracja-Procesu-Przekazania-BSP-Wizjer.jpg\",\"datePublished\":\"2025-05-29T11:26:14+00:00\",\"dateModified\":\"2025-05-30T11:40:27+00:00\",\"breadcrumb\":{\"@id\":\"https:\\\/\\\/wzl2.mil.pl\\\/en\\\/inauguration-of-the-process-of-handing-over-unmanned-aircraft-systems-sets-of-the-mini-class-program-codenamed-wizjer\\\/#breadcrumb\"},\"inLanguage\":\"en-US\",\"potentialAction\":[{\"@type\":\"ReadAction\",\"target\":[\"https:\\\/\\\/wzl2.mil.pl\\\/en\\\/inauguration-of-the-process-of-handing-over-unmanned-aircraft-systems-sets-of-the-mini-class-program-codenamed-wizjer\\\/\"]}]},{\"@type\":\"ImageObject\",\"inLanguage\":\"en-US\",\"@id\":\"https:\\\/\\\/wzl2.mil.pl\\\/en\\\/inauguration-of-the-process-of-handing-over-unmanned-aircraft-systems-sets-of-the-mini-class-program-codenamed-wizjer\\\/#primaryimage\",\"url\":\"https:\\\/\\\/wzl2.mil.pl\\\/wp-content\\\/uploads\\\/WZL2-Inauguracja-Procesu-Przekazania-BSP-Wizjer.jpg\",\"contentUrl\":\"https:\\\/\\\/wzl2.mil.pl\\\/wp-content\\\/uploads\\\/WZL2-Inauguracja-Procesu-Przekazania-BSP-Wizjer.jpg\",\"width\":2000,\"height\":1333,\"caption\":\"(Wiele warto\u015bci)29.05.2025. Bydgoszcz. Wojskowe Zak\u0142ady Lotnicze nr 2 . Inauguracja procesu przekazania Zestaw\u00f3w Bezza\u0142ogowych System\u00f3w Powietrznych klasy mini, program kryptonim Wizjer .\"},{\"@type\":\"BreadcrumbList\",\"@id\":\"https:\\\/\\\/wzl2.mil.pl\\\/en\\\/inauguration-of-the-process-of-handing-over-unmanned-aircraft-systems-sets-of-the-mini-class-program-codenamed-wizjer\\\/#breadcrumb\",\"itemListElement\":[{\"@type\":\"ListItem\",\"position\":1,\"name\":\"Strona g\u0142\u00f3wna\",\"item\":\"https:\\\/\\\/wzl2.mil.pl\\\/en\\\/\"},{\"@type\":\"ListItem\",\"position\":2,\"name\":\"Inauguration of the process of handing over Unmanned Aircraft Systems Sets of the mini class, program codenamed Wizjer\"}]},{\"@type\":\"WebSite\",\"@id\":\"https:\\\/\\\/wzl2.mil.pl\\\/en\\\/#website\",\"url\":\"https:\\\/\\\/wzl2.mil.pl\\\/en\\\/\",\"name\":\"Wojskowe Zak\u0142ady Lotnicze\",\"description\":\"\",\"publisher\":{\"@id\":\"https:\\\/\\\/wzl2.mil.pl\\\/en\\\/#organization\"},\"potentialAction\":[{\"@type\":\"SearchAction\",\"target\":{\"@type\":\"EntryPoint\",\"urlTemplate\":\"https:\\\/\\\/wzl2.mil.pl\\\/en\\\/?s={search_term_string}\"},\"query-input\":{\"@type\":\"PropertyValueSpecification\",\"valueRequired\":true,\"valueName\":\"search_term_string\"}}],\"inLanguage\":\"en-US\"},{\"@type\":\"Organization\",\"@id\":\"https:\\\/\\\/wzl2.mil.pl\\\/en\\\/#organization\",\"name\":\"Wojskowe Zak\u0142ady Lotnicze\",\"url\":\"https:\\\/\\\/wzl2.mil.pl\\\/en\\\/\",\"logo\":{\"@type\":\"ImageObject\",\"inLanguage\":\"en-US\",\"@id\":\"https:\\\/\\\/wzl2.mil.pl\\\/en\\\/#\\\/schema\\\/logo\\\/image\\\/\",\"url\":\"https:\\\/\\\/wzl2.mil.pl\\\/wp-content\\\/uploads\\\/cropped-logo_wzl-naglowek-e1679922458229.jpg\",\"contentUrl\":\"https:\\\/\\\/wzl2.mil.pl\\\/wp-content\\\/uploads\\\/cropped-logo_wzl-naglowek-e1679922458229.jpg\",\"width\":100,\"height\":100,\"caption\":\"Wojskowe Zak\u0142ady Lotnicze\"},\"image\":{\"@id\":\"https:\\\/\\\/wzl2.mil.pl\\\/en\\\/#\\\/schema\\\/logo\\\/image\\\/\"}},{\"@type\":\"Person\",\"@id\":\"https:\\\/\\\/wzl2.mil.pl\\\/en\\\/#\\\/schema\\\/person\\\/f67b350d5d411c1b836a027fb7463d9c\",\"name\":\"Joanna Szewczykowska\",\"url\":\"https:\\\/\\\/wzl2.mil.pl\\\/en\\\/author\\\/joanna-szewczykowska\\\/\"}]}<\/script>\n<!-- \/ Yoast SEO plugin. -->","yoast_head_json":{"title":"Inauguration of the process of handing over Unmanned Aircraft Systems Sets of the mini class, program codenamed Wizjer - Wojskowe Zak\u0142ady Lotnicze","robots":{"index":"index","follow":"follow","max-snippet":"max-snippet:-1","max-image-preview":"max-image-preview:large","max-video-preview":"max-video-preview:-1"},"canonical":"https:\/\/wzl2.mil.pl\/en\/inauguration-of-the-process-of-handing-over-unmanned-aircraft-systems-sets-of-the-mini-class-program-codenamed-wizjer\/","og_locale":"en_US","og_type":"article","og_title":"Inauguration of the process of handing over Unmanned Aircraft Systems Sets of the mini class, program codenamed Wizjer - Wojskowe Zak\u0142ady Lotnicze","og_description":"Today, i.e. on May 29, 2025, a gala ceremony was held at the Military Aviation Works No. 2 S.A. in Bydgoszcz to mark the start of the transfer process of the mini class Unmanned Aircraft Systems Sets, implemented under the program codenamed WIZJER. The event was attended by representatives of state authorities, the Polish Army [&hellip;]","og_url":"https:\/\/wzl2.mil.pl\/en\/inauguration-of-the-process-of-handing-over-unmanned-aircraft-systems-sets-of-the-mini-class-program-codenamed-wizjer\/","og_site_name":"Wojskowe Zak\u0142ady Lotnicze","article_published_time":"2025-05-29T11:26:14+00:00","article_modified_time":"2025-05-30T11:40:27+00:00","og_image":[{"width":2000,"height":1333,"url":"https:\/\/wzl2.mil.pl\/wp-content\/uploads\/WZL2-Inauguracja-Procesu-Przekazania-BSP-Wizjer.jpg","type":"image\/jpeg"}],"author":"Joanna Szewczykowska","twitter_card":"summary_large_image","twitter_misc":{"Written by":"Joanna Szewczykowska","Est. reading time":"2 minutes"},"schema":{"@context":"https:\/\/schema.org","@graph":[{"@type":"Article","@id":"https:\/\/wzl2.mil.pl\/en\/inauguration-of-the-process-of-handing-over-unmanned-aircraft-systems-sets-of-the-mini-class-program-codenamed-wizjer\/#article","isPartOf":{"@id":"https:\/\/wzl2.mil.pl\/en\/inauguration-of-the-process-of-handing-over-unmanned-aircraft-systems-sets-of-the-mini-class-program-codenamed-wizjer\/"},"author":{"name":"Joanna Szewczykowska","@id":"https:\/\/wzl2.mil.pl\/en\/#\/schema\/person\/f67b350d5d411c1b836a027fb7463d9c"},"headline":"Inauguration of the process of handing over Unmanned Aircraft Systems Sets of the mini class, program codenamed Wizjer","datePublished":"2025-05-29T11:26:14+00:00","dateModified":"2025-05-30T11:40:27+00:00","mainEntityOfPage":{"@id":"https:\/\/wzl2.mil.pl\/en\/inauguration-of-the-process-of-handing-over-unmanned-aircraft-systems-sets-of-the-mini-class-program-codenamed-wizjer\/"},"wordCount":293,"publisher":{"@id":"https:\/\/wzl2.mil.pl\/en\/#organization"},"image":{"@id":"https:\/\/wzl2.mil.pl\/en\/inauguration-of-the-process-of-handing-over-unmanned-aircraft-systems-sets-of-the-mini-class-program-codenamed-wizjer\/#primaryimage"},"thumbnailUrl":"https:\/\/wzl2.mil.pl\/wp-content\/uploads\/WZL2-Inauguracja-Procesu-Przekazania-BSP-Wizjer.jpg","articleSection":["Aktualno\u015bci"],"inLanguage":"en-US"},{"@type":"WebPage","@id":"https:\/\/wzl2.mil.pl\/en\/inauguration-of-the-process-of-handing-over-unmanned-aircraft-systems-sets-of-the-mini-class-program-codenamed-wizjer\/","url":"https:\/\/wzl2.mil.pl\/en\/inauguration-of-the-process-of-handing-over-unmanned-aircraft-systems-sets-of-the-mini-class-program-codenamed-wizjer\/","name":"Inauguration of the process of handing over Unmanned Aircraft Systems Sets of the mini class, program codenamed Wizjer - Wojskowe Zak\u0142ady Lotnicze","isPartOf":{"@id":"https:\/\/wzl2.mil.pl\/en\/#website"},"primaryImageOfPage":{"@id":"https:\/\/wzl2.mil.pl\/en\/inauguration-of-the-process-of-handing-over-unmanned-aircraft-systems-sets-of-the-mini-class-program-codenamed-wizjer\/#primaryimage"},"image":{"@id":"https:\/\/wzl2.mil.pl\/en\/inauguration-of-the-process-of-handing-over-unmanned-aircraft-systems-sets-of-the-mini-class-program-codenamed-wizjer\/#primaryimage"},"thumbnailUrl":"https:\/\/wzl2.mil.pl\/wp-content\/uploads\/WZL2-Inauguracja-Procesu-Przekazania-BSP-Wizjer.jpg","datePublished":"2025-05-29T11:26:14+00:00","dateModified":"2025-05-30T11:40:27+00:00","breadcrumb":{"@id":"https:\/\/wzl2.mil.pl\/en\/inauguration-of-the-process-of-handing-over-unmanned-aircraft-systems-sets-of-the-mini-class-program-codenamed-wizjer\/#breadcrumb"},"inLanguage":"en-US","potentialAction":[{"@type":"ReadAction","target":["https:\/\/wzl2.mil.pl\/en\/inauguration-of-the-process-of-handing-over-unmanned-aircraft-systems-sets-of-the-mini-class-program-codenamed-wizjer\/"]}]},{"@type":"ImageObject","inLanguage":"en-US","@id":"https:\/\/wzl2.mil.pl\/en\/inauguration-of-the-process-of-handing-over-unmanned-aircraft-systems-sets-of-the-mini-class-program-codenamed-wizjer\/#primaryimage","url":"https:\/\/wzl2.mil.pl\/wp-content\/uploads\/WZL2-Inauguracja-Procesu-Przekazania-BSP-Wizjer.jpg","contentUrl":"https:\/\/wzl2.mil.pl\/wp-content\/uploads\/WZL2-Inauguracja-Procesu-Przekazania-BSP-Wizjer.jpg","width":2000,"height":1333,"caption":"(Wiele warto\u015bci)29.05.2025. Bydgoszcz. Wojskowe Zak\u0142ady Lotnicze nr 2 . Inauguracja procesu przekazania Zestaw\u00f3w Bezza\u0142ogowych System\u00f3w Powietrznych klasy mini, program kryptonim Wizjer ."},{"@type":"BreadcrumbList","@id":"https:\/\/wzl2.mil.pl\/en\/inauguration-of-the-process-of-handing-over-unmanned-aircraft-systems-sets-of-the-mini-class-program-codenamed-wizjer\/#breadcrumb","itemListElement":[{"@type":"ListItem","position":1,"name":"Strona g\u0142\u00f3wna","item":"https:\/\/wzl2.mil.pl\/en\/"},{"@type":"ListItem","position":2,"name":"Inauguration of the process of handing over Unmanned Aircraft Systems Sets of the mini class, program codenamed Wizjer"}]},{"@type":"WebSite","@id":"https:\/\/wzl2.mil.pl\/en\/#website","url":"https:\/\/wzl2.mil.pl\/en\/","name":"Wojskowe Zak\u0142ady Lotnicze","description":"","publisher":{"@id":"https:\/\/wzl2.mil.pl\/en\/#organization"},"potentialAction":[{"@type":"SearchAction","target":{"@type":"EntryPoint","urlTemplate":"https:\/\/wzl2.mil.pl\/en\/?s={search_term_string}"},"query-input":{"@type":"PropertyValueSpecification","valueRequired":true,"valueName":"search_term_string"}}],"inLanguage":"en-US"},{"@type":"Organization","@id":"https:\/\/wzl2.mil.pl\/en\/#organization","name":"Wojskowe Zak\u0142ady Lotnicze","url":"https:\/\/wzl2.mil.pl\/en\/","logo":{"@type":"ImageObject","inLanguage":"en-US","@id":"https:\/\/wzl2.mil.pl\/en\/#\/schema\/logo\/image\/","url":"https:\/\/wzl2.mil.pl\/wp-content\/uploads\/cropped-logo_wzl-naglowek-e1679922458229.jpg","contentUrl":"https:\/\/wzl2.mil.pl\/wp-content\/uploads\/cropped-logo_wzl-naglowek-e1679922458229.jpg","width":100,"height":100,"caption":"Wojskowe Zak\u0142ady Lotnicze"},"image":{"@id":"https:\/\/wzl2.mil.pl\/en\/#\/schema\/logo\/image\/"}},{"@type":"Person","@id":"https:\/\/wzl2.mil.pl\/en\/#\/schema\/person\/f67b350d5d411c1b836a027fb7463d9c","name":"Joanna Szewczykowska","url":"https:\/\/wzl2.mil.pl\/en\/author\/joanna-szewczykowska\/"}]}},"_links":{"self":[{"href":"https:\/\/wzl2.mil.pl\/en\/wp-json\/wp\/v2\/posts\/14397","targetHints":{"allow":["GET"]}}],"collection":[{"href":"https:\/\/wzl2.mil.pl\/en\/wp-json\/wp\/v2\/posts"}],"about":[{"href":"https:\/\/wzl2.mil.pl\/en\/wp-json\/wp\/v2\/types\/post"}],"author":[{"embeddable":true,"href":"https:\/\/wzl2.mil.pl\/en\/wp-json\/wp\/v2\/users\/21"}],"replies":[{"embeddable":true,"href":"https:\/\/wzl2.mil.pl\/en\/wp-json\/wp\/v2\/comments?post=14397"}],"version-history":[{"count":4,"href":"https:\/\/wzl2.mil.pl\/en\/wp-json\/wp\/v2\/posts\/14397\/revisions"}],"predecessor-version":[{"id":14402,"href":"https:\/\/wzl2.mil.pl\/en\/wp-json\/wp\/v2\/posts\/14397\/revisions\/14402"}],"wp:featuredmedia":[{"embeddable":true,"href":"https:\/\/wzl2.mil.pl\/en\/wp-json\/wp\/v2\/media\/14304"}],"wp:attachment":[{"href":"https:\/\/wzl2.mil.pl\/en\/wp-json\/wp\/v2\/media?parent=14397"}],"wp:term":[{"taxonomy":"category","embeddable":true,"href":"https:\/\/wzl2.mil.pl\/en\/wp-json\/wp\/v2\/categories?post=14397"},{"taxonomy":"post_tag","embeddable":true,"href":"https:\/\/wzl2.mil.pl\/en\/wp-json\/wp\/v2\/tags?post=14397"}],"curies":[{"name":"wp","href":"https:\/\/api.w.org\/{rel}","templated":true}]}}