{"id":14461,"date":"2025-06-03T15:01:21","date_gmt":"2025-06-03T13:01:21","guid":{"rendered":"https:\/\/wzl2.mil.pl\/?p=14461"},"modified":"2026-04-17T10:29:35","modified_gmt":"2026-04-17T08:29:35","slug":"itm-industry-europe","status":"publish","type":"post","link":"https:\/\/wzl2.mil.pl\/en\/itm-industry-europe\/","title":{"rendered":"ITM INDUSTRY EUROPE"},"content":{"rendered":"\t\t<div data-elementor-type=\"wp-post\" data-elementor-id=\"14461\" class=\"elementor elementor-14461\" data-elementor-post-type=\"post\">\n\t\t\t\t<div class=\"elementor-element elementor-element-6e5b4b3 e-flex e-con-boxed e-con e-parent\" data-id=\"6e5b4b3\" data-element_type=\"container\" data-e-type=\"container\">\n\t\t\t\t\t<div class=\"e-con-inner\">\n\t\t\t\t<div class=\"elementor-element elementor-element-2d47f7e elementor-widget elementor-widget-text-editor\" data-id=\"2d47f7e\" data-element_type=\"widget\" data-e-type=\"widget\" data-widget_type=\"text-editor.default\">\n\t\t\t\t<div class=\"elementor-widget-container\">\n\t\t\t\t\t\t\t\t\t<p>Poznan, June 3-6, 2025. &#8211; Wojskowe Zak\u0142ady Lotnicze Nr 2 S.A. is participating in one of the most important trade fairs of the industrial sector in Central and Eastern Europe &#8211; <strong>ITM INDUSTRY EUROPE.<\/strong> The event is a key platform for presenting innovative technological solutions in line with the idea of <strong>Industry 4.0.<\/strong><\/p><p>Participation in this year&#8217;s edition of the fair is part of the intensive schedule of activities of the Military Aviation Works for June, including a series of industry meetings, conferences and events promoting advanced technological solutions.<\/p><p>The ITM INDUSTRY EUROPE trade fair has for years been a meeting place for innovation and industry leaders &#8211; a space for exchanging knowledge, experience and establishing business relations. Among the attractions of this year&#8217;s edition are presentations of the latest technological trends, demonstrations of the work of advanced machines and a rich program of accompanying events.<\/p><p><strong>Wojskowe Zak\u0142ady Lotnicze Nr 2 S.A.<\/strong> invites you to visit its booth and view photo documentation of the event, available on the company&#8217;s official news channels.<\/p>\t\t\t\t\t\t\t\t<\/div>\n\t\t\t\t<\/div>\n\t\t\t\t\t<\/div>\n\t\t\t\t<\/div>\n\t\t<div class=\"elementor-element elementor-element-b09d9f9 e-flex e-con-boxed e-con e-parent\" data-id=\"b09d9f9\" data-element_type=\"container\" data-e-type=\"container\">\n\t\t\t\t\t<div class=\"e-con-inner\">\n\t\t\t\t<div class=\"elementor-element elementor-element-0e2e984 elementor-widget elementor-widget-gallery\" data-id=\"0e2e984\" data-element_type=\"widget\" data-e-type=\"widget\" data-settings=\"{&quot;lazyload&quot;:&quot;yes&quot;,&quot;gallery_layout&quot;:&quot;grid&quot;,&quot;columns&quot;:4,&quot;columns_tablet&quot;:2,&quot;columns_mobile&quot;:1,&quot;gap&quot;:{&quot;unit&quot;:&quot;px&quot;,&quot;size&quot;:10,&quot;sizes&quot;:[]},&quot;gap_tablet&quot;:{&quot;unit&quot;:&quot;px&quot;,&quot;size&quot;:10,&quot;sizes&quot;:[]},&quot;gap_mobile&quot;:{&quot;unit&quot;:&quot;px&quot;,&quot;size&quot;:10,&quot;sizes&quot;:[]},&quot;link_to&quot;:&quot;file&quot;,&quot;aspect_ratio&quot;:&quot;3:2&quot;,&quot;overlay_background&quot;:&quot;yes&quot;,&quot;content_hover_animation&quot;:&quot;fade-in&quot;}\" data-widget_type=\"gallery.default\">\n\t\t\t\t<div class=\"elementor-widget-container\">\n\t\t\t\t\t\t\t<div class=\"elementor-gallery__container\">\n\t\t\t\t\t\t\t<a class=\"e-gallery-item elementor-gallery-item elementor-animated-content\" href=\"https:\/\/wzl2.mil.pl\/wp-content\/uploads\/ITM-Industry-Poznan-WZL2-Przemysl4.0.-Galwanizernia-Rozwoj-Przemysl-Bydgoszcz-Warszawa.jpg\" data-elementor-open-lightbox=\"yes\" data-elementor-lightbox-slideshow=\"0e2e984\" data-elementor-lightbox-title=\"ITM-Industry-Pozna\u0144-WZL2-Przemys\u01424.0.-Galwanizernia-Rozw\u00f3j-Przemys\u0142-Bydgoszcz-Warszawa\" data-e-action-hash=\"#elementor-action%3Aaction%3Dlightbox%26settings%3DeyJpZCI6MTQ0NTMsInVybCI6Imh0dHBzOlwvXC93emwyLm1pbC5wbFwvd3AtY29udGVudFwvdXBsb2Fkc1wvSVRNLUluZHVzdHJ5LVBvem5hbi1XWkwyLVByemVteXNsNC4wLi1HYWx3YW5pemVybmlhLVJvendvai1QcnplbXlzbC1CeWRnb3N6Y3otV2Fyc3phd2EuanBnIiwic2xpZGVzaG93IjoiMGUyZTk4NCJ9\">\n\t\t\t\t\t<div class=\"e-gallery-image elementor-gallery-item__image\" data-thumbnail=\"https:\/\/wzl2.mil.pl\/wp-content\/uploads\/ITM-Industry-Poznan-WZL2-Przemysl4.0.-Galwanizernia-Rozwoj-Przemysl-Bydgoszcz-Warszawa-300x225.jpg\" data-width=\"300\" data-height=\"225\" aria-label=\"\" role=\"img\" ><\/div>\n\t\t\t\t\t\t\t\t\t\t\t<div class=\"elementor-gallery-item__overlay\"><\/div>\n\t\t\t\t\t\t\t\t\t\t\t\t\t\t<\/a>\n\t\t\t\t\t<\/div>\n\t\t\t\t\t<\/div>\n\t\t\t\t<\/div>\n\t\t\t\t\t<\/div>\n\t\t\t\t<\/div>\n\t\t\t\t<\/div>\n\t\t","protected":false},"excerpt":{"rendered":"<p>Poznan, June 3-6, 2025. &#8211; Wojskowe Zak\u0142ady Lotnicze Nr 2 S.A. is participating in one of the most important trade fairs of the industrial sector in Central and Eastern Europe &#8211; ITM INDUSTRY EUROPE. The event is a key platform for presenting innovative technological solutions in line with the idea of Industry 4.0. Participation in [&hellip;]<\/p>\n","protected":false},"author":21,"featured_media":14447,"comment_status":"closed","ping_status":"open","sticky":false,"template":"","format":"standard","meta":{"footnotes":""},"categories":[30],"tags":[],"class_list":["post-14461","post","type-post","status-publish","format-standard","has-post-thumbnail","hentry","category-aktualnosci-en"],"yoast_head":"<!-- This site is optimized with the Yoast SEO plugin v27.3 - https:\/\/yoast.com\/product\/yoast-seo-wordpress\/ -->\n<title>ITM INDUSTRY EUROPE - Wojskowe Zak\u0142ady Lotnicze<\/title>\n<meta name=\"robots\" content=\"index, follow, max-snippet:-1, max-image-preview:large, max-video-preview:-1\" \/>\n<link rel=\"canonical\" href=\"https:\/\/wzl2.mil.pl\/en\/itm-industry-europe\/\" \/>\n<meta property=\"og:locale\" content=\"en_US\" \/>\n<meta property=\"og:type\" content=\"article\" \/>\n<meta property=\"og:title\" content=\"ITM INDUSTRY EUROPE - Wojskowe Zak\u0142ady Lotnicze\" \/>\n<meta property=\"og:description\" content=\"Poznan, June 3-6, 2025. &#8211; Wojskowe Zak\u0142ady Lotnicze Nr 2 S.A. is participating in one of the most important trade fairs of the industrial sector in Central and Eastern Europe &#8211; ITM INDUSTRY EUROPE. The event is a key platform for presenting innovative technological solutions in line with the idea of Industry 4.0. Participation in [&hellip;]\" \/>\n<meta property=\"og:url\" content=\"https:\/\/wzl2.mil.pl\/en\/itm-industry-europe\/\" \/>\n<meta property=\"og:site_name\" content=\"Wojskowe Zak\u0142ady Lotnicze\" \/>\n<meta property=\"article:published_time\" content=\"2025-06-03T13:01:21+00:00\" \/>\n<meta property=\"article:modified_time\" content=\"2026-04-17T08:29:35+00:00\" \/>\n<meta property=\"og:image\" content=\"https:\/\/wzl2.mil.pl\/wp-content\/uploads\/ITM-Industry-Poznan-WZL2-Przemysl4.0.jpg\" \/>\n\t<meta property=\"og:image:width\" content=\"1054\" \/>\n\t<meta property=\"og:image:height\" content=\"500\" \/>\n\t<meta property=\"og:image:type\" content=\"image\/jpeg\" \/>\n<meta name=\"author\" content=\"Joanna Szewczykowska\" \/>\n<meta name=\"twitter:card\" content=\"summary_large_image\" \/>\n<meta name=\"twitter:label1\" content=\"Written by\" \/>\n\t<meta name=\"twitter:data1\" content=\"Joanna Szewczykowska\" \/>\n\t<meta name=\"twitter:label2\" content=\"Est. reading time\" \/>\n\t<meta name=\"twitter:data2\" content=\"1 minute\" \/>\n<script type=\"application\/ld+json\" class=\"yoast-schema-graph\">{\"@context\":\"https:\\\/\\\/schema.org\",\"@graph\":[{\"@type\":\"Article\",\"@id\":\"https:\\\/\\\/wzl2.mil.pl\\\/en\\\/itm-industry-europe\\\/#article\",\"isPartOf\":{\"@id\":\"https:\\\/\\\/wzl2.mil.pl\\\/en\\\/itm-industry-europe\\\/\"},\"author\":{\"name\":\"Joanna Szewczykowska\",\"@id\":\"https:\\\/\\\/wzl2.mil.pl\\\/en\\\/#\\\/schema\\\/person\\\/f67b350d5d411c1b836a027fb7463d9c\"},\"headline\":\"ITM INDUSTRY EUROPE\",\"datePublished\":\"2025-06-03T13:01:21+00:00\",\"dateModified\":\"2026-04-17T08:29:35+00:00\",\"mainEntityOfPage\":{\"@id\":\"https:\\\/\\\/wzl2.mil.pl\\\/en\\\/itm-industry-europe\\\/\"},\"wordCount\":175,\"publisher\":{\"@id\":\"https:\\\/\\\/wzl2.mil.pl\\\/en\\\/#organization\"},\"image\":{\"@id\":\"https:\\\/\\\/wzl2.mil.pl\\\/en\\\/itm-industry-europe\\\/#primaryimage\"},\"thumbnailUrl\":\"https:\\\/\\\/wzl2.mil.pl\\\/wp-content\\\/uploads\\\/ITM-Industry-Poznan-WZL2-Przemysl4.0.jpg\",\"articleSection\":[\"Aktualno\u015bci\"],\"inLanguage\":\"en-US\"},{\"@type\":\"WebPage\",\"@id\":\"https:\\\/\\\/wzl2.mil.pl\\\/en\\\/itm-industry-europe\\\/\",\"url\":\"https:\\\/\\\/wzl2.mil.pl\\\/en\\\/itm-industry-europe\\\/\",\"name\":\"ITM INDUSTRY EUROPE - Wojskowe Zak\u0142ady Lotnicze\",\"isPartOf\":{\"@id\":\"https:\\\/\\\/wzl2.mil.pl\\\/en\\\/#website\"},\"primaryImageOfPage\":{\"@id\":\"https:\\\/\\\/wzl2.mil.pl\\\/en\\\/itm-industry-europe\\\/#primaryimage\"},\"image\":{\"@id\":\"https:\\\/\\\/wzl2.mil.pl\\\/en\\\/itm-industry-europe\\\/#primaryimage\"},\"thumbnailUrl\":\"https:\\\/\\\/wzl2.mil.pl\\\/wp-content\\\/uploads\\\/ITM-Industry-Poznan-WZL2-Przemysl4.0.jpg\",\"datePublished\":\"2025-06-03T13:01:21+00:00\",\"dateModified\":\"2026-04-17T08:29:35+00:00\",\"breadcrumb\":{\"@id\":\"https:\\\/\\\/wzl2.mil.pl\\\/en\\\/itm-industry-europe\\\/#breadcrumb\"},\"inLanguage\":\"en-US\",\"potentialAction\":[{\"@type\":\"ReadAction\",\"target\":[\"https:\\\/\\\/wzl2.mil.pl\\\/en\\\/itm-industry-europe\\\/\"]}]},{\"@type\":\"ImageObject\",\"inLanguage\":\"en-US\",\"@id\":\"https:\\\/\\\/wzl2.mil.pl\\\/en\\\/itm-industry-europe\\\/#primaryimage\",\"url\":\"https:\\\/\\\/wzl2.mil.pl\\\/wp-content\\\/uploads\\\/ITM-Industry-Poznan-WZL2-Przemysl4.0.jpg\",\"contentUrl\":\"https:\\\/\\\/wzl2.mil.pl\\\/wp-content\\\/uploads\\\/ITM-Industry-Poznan-WZL2-Przemysl4.0.jpg\",\"width\":1054,\"height\":500},{\"@type\":\"BreadcrumbList\",\"@id\":\"https:\\\/\\\/wzl2.mil.pl\\\/en\\\/itm-industry-europe\\\/#breadcrumb\",\"itemListElement\":[{\"@type\":\"ListItem\",\"position\":1,\"name\":\"Strona g\u0142\u00f3wna\",\"item\":\"https:\\\/\\\/wzl2.mil.pl\\\/en\\\/\"},{\"@type\":\"ListItem\",\"position\":2,\"name\":\"ITM INDUSTRY EUROPE\"}]},{\"@type\":\"WebSite\",\"@id\":\"https:\\\/\\\/wzl2.mil.pl\\\/en\\\/#website\",\"url\":\"https:\\\/\\\/wzl2.mil.pl\\\/en\\\/\",\"name\":\"Wojskowe Zak\u0142ady Lotnicze\",\"description\":\"\",\"publisher\":{\"@id\":\"https:\\\/\\\/wzl2.mil.pl\\\/en\\\/#organization\"},\"potentialAction\":[{\"@type\":\"SearchAction\",\"target\":{\"@type\":\"EntryPoint\",\"urlTemplate\":\"https:\\\/\\\/wzl2.mil.pl\\\/en\\\/?s={search_term_string}\"},\"query-input\":{\"@type\":\"PropertyValueSpecification\",\"valueRequired\":true,\"valueName\":\"search_term_string\"}}],\"inLanguage\":\"en-US\"},{\"@type\":\"Organization\",\"@id\":\"https:\\\/\\\/wzl2.mil.pl\\\/en\\\/#organization\",\"name\":\"Wojskowe Zak\u0142ady Lotnicze\",\"url\":\"https:\\\/\\\/wzl2.mil.pl\\\/en\\\/\",\"logo\":{\"@type\":\"ImageObject\",\"inLanguage\":\"en-US\",\"@id\":\"https:\\\/\\\/wzl2.mil.pl\\\/en\\\/#\\\/schema\\\/logo\\\/image\\\/\",\"url\":\"https:\\\/\\\/wzl2.mil.pl\\\/wp-content\\\/uploads\\\/cropped-logo_wzl-naglowek-e1679922458229.jpg\",\"contentUrl\":\"https:\\\/\\\/wzl2.mil.pl\\\/wp-content\\\/uploads\\\/cropped-logo_wzl-naglowek-e1679922458229.jpg\",\"width\":100,\"height\":100,\"caption\":\"Wojskowe Zak\u0142ady Lotnicze\"},\"image\":{\"@id\":\"https:\\\/\\\/wzl2.mil.pl\\\/en\\\/#\\\/schema\\\/logo\\\/image\\\/\"}},{\"@type\":\"Person\",\"@id\":\"https:\\\/\\\/wzl2.mil.pl\\\/en\\\/#\\\/schema\\\/person\\\/f67b350d5d411c1b836a027fb7463d9c\",\"name\":\"Joanna Szewczykowska\",\"url\":\"https:\\\/\\\/wzl2.mil.pl\\\/en\\\/author\\\/joanna-szewczykowska\\\/\"}]}<\/script>\n<!-- \/ Yoast SEO plugin. -->","yoast_head_json":{"title":"ITM INDUSTRY EUROPE - Wojskowe Zak\u0142ady Lotnicze","robots":{"index":"index","follow":"follow","max-snippet":"max-snippet:-1","max-image-preview":"max-image-preview:large","max-video-preview":"max-video-preview:-1"},"canonical":"https:\/\/wzl2.mil.pl\/en\/itm-industry-europe\/","og_locale":"en_US","og_type":"article","og_title":"ITM INDUSTRY EUROPE - Wojskowe Zak\u0142ady Lotnicze","og_description":"Poznan, June 3-6, 2025. &#8211; Wojskowe Zak\u0142ady Lotnicze Nr 2 S.A. is participating in one of the most important trade fairs of the industrial sector in Central and Eastern Europe &#8211; ITM INDUSTRY EUROPE. The event is a key platform for presenting innovative technological solutions in line with the idea of Industry 4.0. Participation in [&hellip;]","og_url":"https:\/\/wzl2.mil.pl\/en\/itm-industry-europe\/","og_site_name":"Wojskowe Zak\u0142ady Lotnicze","article_published_time":"2025-06-03T13:01:21+00:00","article_modified_time":"2026-04-17T08:29:35+00:00","og_image":[{"width":1054,"height":500,"url":"https:\/\/wzl2.mil.pl\/wp-content\/uploads\/ITM-Industry-Poznan-WZL2-Przemysl4.0.jpg","type":"image\/jpeg"}],"author":"Joanna Szewczykowska","twitter_card":"summary_large_image","twitter_misc":{"Written by":"Joanna Szewczykowska","Est. reading time":"1 minute"},"schema":{"@context":"https:\/\/schema.org","@graph":[{"@type":"Article","@id":"https:\/\/wzl2.mil.pl\/en\/itm-industry-europe\/#article","isPartOf":{"@id":"https:\/\/wzl2.mil.pl\/en\/itm-industry-europe\/"},"author":{"name":"Joanna Szewczykowska","@id":"https:\/\/wzl2.mil.pl\/en\/#\/schema\/person\/f67b350d5d411c1b836a027fb7463d9c"},"headline":"ITM INDUSTRY EUROPE","datePublished":"2025-06-03T13:01:21+00:00","dateModified":"2026-04-17T08:29:35+00:00","mainEntityOfPage":{"@id":"https:\/\/wzl2.mil.pl\/en\/itm-industry-europe\/"},"wordCount":175,"publisher":{"@id":"https:\/\/wzl2.mil.pl\/en\/#organization"},"image":{"@id":"https:\/\/wzl2.mil.pl\/en\/itm-industry-europe\/#primaryimage"},"thumbnailUrl":"https:\/\/wzl2.mil.pl\/wp-content\/uploads\/ITM-Industry-Poznan-WZL2-Przemysl4.0.jpg","articleSection":["Aktualno\u015bci"],"inLanguage":"en-US"},{"@type":"WebPage","@id":"https:\/\/wzl2.mil.pl\/en\/itm-industry-europe\/","url":"https:\/\/wzl2.mil.pl\/en\/itm-industry-europe\/","name":"ITM INDUSTRY EUROPE - Wojskowe Zak\u0142ady Lotnicze","isPartOf":{"@id":"https:\/\/wzl2.mil.pl\/en\/#website"},"primaryImageOfPage":{"@id":"https:\/\/wzl2.mil.pl\/en\/itm-industry-europe\/#primaryimage"},"image":{"@id":"https:\/\/wzl2.mil.pl\/en\/itm-industry-europe\/#primaryimage"},"thumbnailUrl":"https:\/\/wzl2.mil.pl\/wp-content\/uploads\/ITM-Industry-Poznan-WZL2-Przemysl4.0.jpg","datePublished":"2025-06-03T13:01:21+00:00","dateModified":"2026-04-17T08:29:35+00:00","breadcrumb":{"@id":"https:\/\/wzl2.mil.pl\/en\/itm-industry-europe\/#breadcrumb"},"inLanguage":"en-US","potentialAction":[{"@type":"ReadAction","target":["https:\/\/wzl2.mil.pl\/en\/itm-industry-europe\/"]}]},{"@type":"ImageObject","inLanguage":"en-US","@id":"https:\/\/wzl2.mil.pl\/en\/itm-industry-europe\/#primaryimage","url":"https:\/\/wzl2.mil.pl\/wp-content\/uploads\/ITM-Industry-Poznan-WZL2-Przemysl4.0.jpg","contentUrl":"https:\/\/wzl2.mil.pl\/wp-content\/uploads\/ITM-Industry-Poznan-WZL2-Przemysl4.0.jpg","width":1054,"height":500},{"@type":"BreadcrumbList","@id":"https:\/\/wzl2.mil.pl\/en\/itm-industry-europe\/#breadcrumb","itemListElement":[{"@type":"ListItem","position":1,"name":"Strona g\u0142\u00f3wna","item":"https:\/\/wzl2.mil.pl\/en\/"},{"@type":"ListItem","position":2,"name":"ITM INDUSTRY EUROPE"}]},{"@type":"WebSite","@id":"https:\/\/wzl2.mil.pl\/en\/#website","url":"https:\/\/wzl2.mil.pl\/en\/","name":"Wojskowe Zak\u0142ady Lotnicze","description":"","publisher":{"@id":"https:\/\/wzl2.mil.pl\/en\/#organization"},"potentialAction":[{"@type":"SearchAction","target":{"@type":"EntryPoint","urlTemplate":"https:\/\/wzl2.mil.pl\/en\/?s={search_term_string}"},"query-input":{"@type":"PropertyValueSpecification","valueRequired":true,"valueName":"search_term_string"}}],"inLanguage":"en-US"},{"@type":"Organization","@id":"https:\/\/wzl2.mil.pl\/en\/#organization","name":"Wojskowe Zak\u0142ady Lotnicze","url":"https:\/\/wzl2.mil.pl\/en\/","logo":{"@type":"ImageObject","inLanguage":"en-US","@id":"https:\/\/wzl2.mil.pl\/en\/#\/schema\/logo\/image\/","url":"https:\/\/wzl2.mil.pl\/wp-content\/uploads\/cropped-logo_wzl-naglowek-e1679922458229.jpg","contentUrl":"https:\/\/wzl2.mil.pl\/wp-content\/uploads\/cropped-logo_wzl-naglowek-e1679922458229.jpg","width":100,"height":100,"caption":"Wojskowe Zak\u0142ady Lotnicze"},"image":{"@id":"https:\/\/wzl2.mil.pl\/en\/#\/schema\/logo\/image\/"}},{"@type":"Person","@id":"https:\/\/wzl2.mil.pl\/en\/#\/schema\/person\/f67b350d5d411c1b836a027fb7463d9c","name":"Joanna Szewczykowska","url":"https:\/\/wzl2.mil.pl\/en\/author\/joanna-szewczykowska\/"}]}},"_links":{"self":[{"href":"https:\/\/wzl2.mil.pl\/en\/wp-json\/wp\/v2\/posts\/14461","targetHints":{"allow":["GET"]}}],"collection":[{"href":"https:\/\/wzl2.mil.pl\/en\/wp-json\/wp\/v2\/posts"}],"about":[{"href":"https:\/\/wzl2.mil.pl\/en\/wp-json\/wp\/v2\/types\/post"}],"author":[{"embeddable":true,"href":"https:\/\/wzl2.mil.pl\/en\/wp-json\/wp\/v2\/users\/21"}],"replies":[{"embeddable":true,"href":"https:\/\/wzl2.mil.pl\/en\/wp-json\/wp\/v2\/comments?post=14461"}],"version-history":[{"count":10,"href":"https:\/\/wzl2.mil.pl\/en\/wp-json\/wp\/v2\/posts\/14461\/revisions"}],"predecessor-version":[{"id":16914,"href":"https:\/\/wzl2.mil.pl\/en\/wp-json\/wp\/v2\/posts\/14461\/revisions\/16914"}],"wp:featuredmedia":[{"embeddable":true,"href":"https:\/\/wzl2.mil.pl\/en\/wp-json\/wp\/v2\/media\/14447"}],"wp:attachment":[{"href":"https:\/\/wzl2.mil.pl\/en\/wp-json\/wp\/v2\/media?parent=14461"}],"wp:term":[{"taxonomy":"category","embeddable":true,"href":"https:\/\/wzl2.mil.pl\/en\/wp-json\/wp\/v2\/categories?post=14461"},{"taxonomy":"post_tag","embeddable":true,"href":"https:\/\/wzl2.mil.pl\/en\/wp-json\/wp\/v2\/tags?post=14461"}],"curies":[{"name":"wp","href":"https:\/\/api.w.org\/{rel}","templated":true}]}}