{"id":14521,"date":"2025-06-13T11:34:46","date_gmt":"2025-06-13T09:34:46","guid":{"rendered":"https:\/\/wzl2.mil.pl\/?p=14521"},"modified":"2025-06-17T11:43:16","modified_gmt":"2025-06-17T09:43:16","slug":"wojskowe-zaklady-lotnicze-no-2-s-a-at-the-science-and-aviation-picnic-in-deblin","status":"publish","type":"post","link":"https:\/\/wzl2.mil.pl\/en\/wojskowe-zaklady-lotnicze-no-2-s-a-at-the-science-and-aviation-picnic-in-deblin\/","title":{"rendered":"Wojskowe Zak\u0142ady Lotnicze No 2 S.A. at the Science and Aviation Picnic in D\u0119blin"},"content":{"rendered":"\t\t<div data-elementor-type=\"wp-post\" data-elementor-id=\"14521\" class=\"elementor elementor-14521\" data-elementor-post-type=\"post\">\n\t\t\t\t<div class=\"elementor-element elementor-element-7e4cf00 e-flex e-con-boxed e-con e-parent\" data-id=\"7e4cf00\" data-element_type=\"container\" data-e-type=\"container\">\n\t\t\t\t\t<div class=\"e-con-inner\">\n\t\t\t\t<div class=\"elementor-element elementor-element-4fd0b97 elementor-widget elementor-widget-text-editor\" data-id=\"4fd0b97\" data-element_type=\"widget\" data-e-type=\"widget\" data-widget_type=\"text-editor.default\">\n\t\t\t\t<div class=\"elementor-widget-container\">\n\t\t\t\t\t\t\t\t\t<p><strong>Wojskowe Zak\u0142ady Lotnicze No. 2 S.A<\/strong>. took part in an extraordinary event, which was <strong>the Science and Aviation Picnic in Deblin<\/strong>, organized on the <strong>occasion of the 100th anniversary of the School of Eaglets &#8211; Military Aviation Academy.<\/strong> The celebration attracted many aviation enthusiasts, representatives of the defense industry, academia and a wide range of visitors.<\/p><p>This unique meeting provided an excellent opportunity to celebrate the 100-year tradition of Polish military aviation and to present modern technological solutions. The program of the Picnic was extremely rich &#8211; participants could watch spectacular<strong> air shows<\/strong>, visit educational and scientific zones, take part in open lectures, and meet with representatives of the scientific and military community. Also of great interest were the <strong>intergenerational meetings of aviators<\/strong>, which created a unique atmosphere and allowed the exchange of experiences between generations.<\/p><p>During the event, <strong>Military Aircraft Works No. 2<\/strong> S.A. presented, among others, advanced solutions in the field of unmanned technologies &#8211; the Mini Class Unmanned Aircraft System codenamed <strong>WIZJER<\/strong> and the <strong>DRAGONFLY<\/strong> Circulating Ammunition System. Both systems aroused great interest, as an example of the direction of development of modern operational capabilities of the armed forces in the field of modern technology.<\/p><p>Participation in the Science and Aviation Picnic was for <strong>Military Aviation Works No. 2 S.A<\/strong>. not only an opportunity to present its offer and competence, but also an opportunity to honor the rich heritage of the <strong>Military Aviation Academy,<\/strong> which has been the cradle of Polish pilots and aviation personnel for decades. We extend our sincere thanks to the organizers for the invitation and to all the guests for the inspiring talks and interest shown.<\/p><p><strong>We have been supporting Polish aviation for generations.<\/strong><\/p>\t\t\t\t\t\t\t\t<\/div>\n\t\t\t\t<\/div>\n\t\t\t\t\t<\/div>\n\t\t\t\t<\/div>\n\t\t<div class=\"elementor-element elementor-element-d1d0b93 e-flex e-con-boxed e-con e-parent\" data-id=\"d1d0b93\" data-element_type=\"container\" data-e-type=\"container\">\n\t\t\t\t\t<div class=\"e-con-inner\">\n\t\t\t\t<div class=\"elementor-element elementor-element-4a5898e elementor-widget elementor-widget-gallery\" data-id=\"4a5898e\" data-element_type=\"widget\" data-e-type=\"widget\" data-settings=\"{&quot;lazyload&quot;:&quot;yes&quot;,&quot;gallery_layout&quot;:&quot;grid&quot;,&quot;columns&quot;:4,&quot;columns_tablet&quot;:2,&quot;columns_mobile&quot;:1,&quot;gap&quot;:{&quot;unit&quot;:&quot;px&quot;,&quot;size&quot;:10,&quot;sizes&quot;:[]},&quot;gap_tablet&quot;:{&quot;unit&quot;:&quot;px&quot;,&quot;size&quot;:10,&quot;sizes&quot;:[]},&quot;gap_mobile&quot;:{&quot;unit&quot;:&quot;px&quot;,&quot;size&quot;:10,&quot;sizes&quot;:[]},&quot;link_to&quot;:&quot;file&quot;,&quot;aspect_ratio&quot;:&quot;3:2&quot;,&quot;overlay_background&quot;:&quot;yes&quot;,&quot;content_hover_animation&quot;:&quot;fade-in&quot;}\" data-widget_type=\"gallery.default\">\n\t\t\t\t<div class=\"elementor-widget-container\">\n\t\t\t\t\t\t\t<div class=\"elementor-gallery__container\">\n\t\t\t\t\t\t\t<a class=\"e-gallery-item elementor-gallery-item elementor-animated-content\" href=\"https:\/\/wzl2.mil.pl\/wp-content\/uploads\/Deblin-LAW-Piknik-Lotniczy-PGZ-Dron-Wizjer.jpg\" data-elementor-open-lightbox=\"yes\" data-elementor-lightbox-slideshow=\"4a5898e\" data-elementor-lightbox-title=\"Piknik Lotniczy Lotniczej Akademii Wojskowej\" data-e-action-hash=\"#elementor-action%3Aaction%3Dlightbox%26settings%3DeyJpZCI6MTQ1MDEsInVybCI6Imh0dHBzOlwvXC93emwyLm1pbC5wbFwvd3AtY29udGVudFwvdXBsb2Fkc1wvRGVibGluLUxBVy1QaWtuaWstTG90bmljenktUEdaLURyb24tV2l6amVyLmpwZyIsInNsaWRlc2hvdyI6IjRhNTg5OGUifQ%3D%3D\">\n\t\t\t\t\t<div class=\"e-gallery-image elementor-gallery-item__image\" data-thumbnail=\"https:\/\/wzl2.mil.pl\/wp-content\/uploads\/Deblin-LAW-Piknik-Lotniczy-PGZ-Dron-Wizjer-300x200.jpg\" data-width=\"300\" data-height=\"200\" aria-label=\"\" role=\"img\" ><\/div>\n\t\t\t\t\t\t\t\t\t\t\t<div class=\"elementor-gallery-item__overlay\"><\/div>\n\t\t\t\t\t\t\t\t\t\t\t\t\t\t<\/a>\n\t\t\t\t\t\t\t<a class=\"e-gallery-item elementor-gallery-item elementor-animated-content\" href=\"https:\/\/wzl2.mil.pl\/wp-content\/uploads\/PGZ-WZL2-Piknik-Lotniczy-100Lecie-Orlat.jpg\" data-elementor-open-lightbox=\"yes\" data-elementor-lightbox-slideshow=\"4a5898e\" data-elementor-lightbox-title=\"Piknik Lotniczy Lotniczej Akademii Wojskowej\" data-e-action-hash=\"#elementor-action%3Aaction%3Dlightbox%26settings%3DeyJpZCI6MTQ1MDcsInVybCI6Imh0dHBzOlwvXC93emwyLm1pbC5wbFwvd3AtY29udGVudFwvdXBsb2Fkc1wvUEdaLVdaTDItUGlrbmlrLUxvdG5pY3p5LTEwMExlY2llLU9ybGF0LmpwZyIsInNsaWRlc2hvdyI6IjRhNTg5OGUifQ%3D%3D\">\n\t\t\t\t\t<div class=\"e-gallery-image elementor-gallery-item__image\" data-thumbnail=\"https:\/\/wzl2.mil.pl\/wp-content\/uploads\/PGZ-WZL2-Piknik-Lotniczy-100Lecie-Orlat-225x300.jpg\" data-width=\"225\" data-height=\"300\" aria-label=\"\" role=\"img\" ><\/div>\n\t\t\t\t\t\t\t\t\t\t\t<div class=\"elementor-gallery-item__overlay\"><\/div>\n\t\t\t\t\t\t\t\t\t\t\t\t\t\t<\/a>\n\t\t\t\t\t\t\t<a class=\"e-gallery-item elementor-gallery-item elementor-animated-content\" href=\"https:\/\/wzl2.mil.pl\/wp-content\/uploads\/PGZ-WZL2-Piknik-Lotniczy-100Lecie-Orlat-Lotnicza-Akademia-Wojskowa-LAW.jpg\" data-elementor-open-lightbox=\"yes\" data-elementor-lightbox-slideshow=\"4a5898e\" data-elementor-lightbox-title=\"Piknik Lotniczy Lotniczej Akademii Wojskowej\" data-e-action-hash=\"#elementor-action%3Aaction%3Dlightbox%26settings%3DeyJpZCI6MTQ1MTEsInVybCI6Imh0dHBzOlwvXC93emwyLm1pbC5wbFwvd3AtY29udGVudFwvdXBsb2Fkc1wvUEdaLVdaTDItUGlrbmlrLUxvdG5pY3p5LTEwMExlY2llLU9ybGF0LUxvdG5pY3phLUFrYWRlbWlhLVdvanNrb3dhLUxBVy5qcGciLCJzbGlkZXNob3ciOiI0YTU4OThlIn0%3D\">\n\t\t\t\t\t<div class=\"e-gallery-image elementor-gallery-item__image\" data-thumbnail=\"https:\/\/wzl2.mil.pl\/wp-content\/uploads\/PGZ-WZL2-Piknik-Lotniczy-100Lecie-Orlat-Lotnicza-Akademia-Wojskowa-LAW-300x225.jpg\" data-width=\"300\" data-height=\"225\" aria-label=\"\" role=\"img\" ><\/div>\n\t\t\t\t\t\t\t\t\t\t\t<div class=\"elementor-gallery-item__overlay\"><\/div>\n\t\t\t\t\t\t\t\t\t\t\t\t\t\t<\/a>\n\t\t\t\t\t\t\t<a class=\"e-gallery-item elementor-gallery-item elementor-animated-content\" href=\"https:\/\/wzl2.mil.pl\/wp-content\/uploads\/Deblin-PGZ-WZL2-Piknik-Lotniczy-100Lecie-Orlat-Lotnicza-Akademia-Wojskowa.jpg\" data-elementor-open-lightbox=\"yes\" data-elementor-lightbox-slideshow=\"4a5898e\" data-elementor-lightbox-title=\"Piknik Lotniczy Lotniczej Akademii Wojskowej\" data-e-action-hash=\"#elementor-action%3Aaction%3Dlightbox%26settings%3DeyJpZCI6MTQ1MDMsInVybCI6Imh0dHBzOlwvXC93emwyLm1pbC5wbFwvd3AtY29udGVudFwvdXBsb2Fkc1wvRGVibGluLVBHWi1XWkwyLVBpa25pay1Mb3RuaWN6eS0xMDBMZWNpZS1PcmxhdC1Mb3RuaWN6YS1Ba2FkZW1pYS1Xb2pza293YS5qcGciLCJzbGlkZXNob3ciOiI0YTU4OThlIn0%3D\">\n\t\t\t\t\t<div class=\"e-gallery-image elementor-gallery-item__image\" data-thumbnail=\"https:\/\/wzl2.mil.pl\/wp-content\/uploads\/Deblin-PGZ-WZL2-Piknik-Lotniczy-100Lecie-Orlat-Lotnicza-Akademia-Wojskowa-300x225.jpg\" data-width=\"300\" data-height=\"225\" aria-label=\"\" role=\"img\" ><\/div>\n\t\t\t\t\t\t\t\t\t\t\t<div class=\"elementor-gallery-item__overlay\"><\/div>\n\t\t\t\t\t\t\t\t\t\t\t\t\t\t<\/a>\n\t\t\t\t\t\t\t<a class=\"e-gallery-item elementor-gallery-item elementor-animated-content\" href=\"https:\/\/wzl2.mil.pl\/wp-content\/uploads\/PGZ-WZL2-Piknik-Lotniczy-100Lecie-Orlat-Lotnicza-Akademia-Wojskowa.jpg\" data-elementor-open-lightbox=\"yes\" data-elementor-lightbox-slideshow=\"4a5898e\" data-elementor-lightbox-title=\"Piknik Lotniczy Lotniczej Akademii Wojskowej\" data-e-action-hash=\"#elementor-action%3Aaction%3Dlightbox%26settings%3DeyJpZCI6MTQ1MDksInVybCI6Imh0dHBzOlwvXC93emwyLm1pbC5wbFwvd3AtY29udGVudFwvdXBsb2Fkc1wvUEdaLVdaTDItUGlrbmlrLUxvdG5pY3p5LTEwMExlY2llLU9ybGF0LUxvdG5pY3phLUFrYWRlbWlhLVdvanNrb3dhLmpwZyIsInNsaWRlc2hvdyI6IjRhNTg5OGUifQ%3D%3D\">\n\t\t\t\t\t<div class=\"e-gallery-image elementor-gallery-item__image\" data-thumbnail=\"https:\/\/wzl2.mil.pl\/wp-content\/uploads\/PGZ-WZL2-Piknik-Lotniczy-100Lecie-Orlat-Lotnicza-Akademia-Wojskowa-300x169.jpg\" data-width=\"300\" data-height=\"169\" aria-label=\"\" role=\"img\" ><\/div>\n\t\t\t\t\t\t\t\t\t\t\t<div class=\"elementor-gallery-item__overlay\"><\/div>\n\t\t\t\t\t\t\t\t\t\t\t\t\t\t<\/a>\n\t\t\t\t\t\t\t<a class=\"e-gallery-item elementor-gallery-item elementor-animated-content\" href=\"https:\/\/wzl2.mil.pl\/wp-content\/uploads\/Deblin-Piknik-Lotniczy-LAW-Szkola-Orlat-WZL2-Pokazy.jpg\" data-elementor-open-lightbox=\"yes\" data-elementor-lightbox-slideshow=\"4a5898e\" data-elementor-lightbox-title=\"Piknik Lotniczy Lotniczej Akademii Wojskowej\" data-e-action-hash=\"#elementor-action%3Aaction%3Dlightbox%26settings%3DeyJpZCI6MTQ1MDUsInVybCI6Imh0dHBzOlwvXC93emwyLm1pbC5wbFwvd3AtY29udGVudFwvdXBsb2Fkc1wvRGVibGluLVBpa25pay1Mb3RuaWN6eS1MQVctU3prb2xhLU9ybGF0LVdaTDItUG9rYXp5LmpwZyIsInNsaWRlc2hvdyI6IjRhNTg5OGUifQ%3D%3D\">\n\t\t\t\t\t<div class=\"e-gallery-image elementor-gallery-item__image\" data-thumbnail=\"https:\/\/wzl2.mil.pl\/wp-content\/uploads\/Deblin-Piknik-Lotniczy-LAW-Szkola-Orlat-WZL2-Pokazy-300x200.jpg\" data-width=\"300\" data-height=\"200\" aria-label=\"\" role=\"img\" ><\/div>\n\t\t\t\t\t\t\t\t\t\t\t<div class=\"elementor-gallery-item__overlay\"><\/div>\n\t\t\t\t\t\t\t\t\t\t\t\t\t\t<\/a>\n\t\t\t\t\t\t\t<a class=\"e-gallery-item elementor-gallery-item elementor-animated-content\" href=\"https:\/\/wzl2.mil.pl\/wp-content\/uploads\/Pokazy-Lotnicze-LAW-Piknik-Deblin-WZL2-.jpg\" data-elementor-open-lightbox=\"yes\" data-elementor-lightbox-slideshow=\"4a5898e\" data-elementor-lightbox-title=\"Piknik Lotniczy Lotniczej Akademii Wojskowej\" data-e-action-hash=\"#elementor-action%3Aaction%3Dlightbox%26settings%3DeyJpZCI6MTQ1MTMsInVybCI6Imh0dHBzOlwvXC93emwyLm1pbC5wbFwvd3AtY29udGVudFwvdXBsb2Fkc1wvUG9rYXp5LUxvdG5pY3plLUxBVy1QaWtuaWstRGVibGluLVdaTDItLmpwZyIsInNsaWRlc2hvdyI6IjRhNTg5OGUifQ%3D%3D\">\n\t\t\t\t\t<div class=\"e-gallery-image elementor-gallery-item__image\" data-thumbnail=\"https:\/\/wzl2.mil.pl\/wp-content\/uploads\/Pokazy-Lotnicze-LAW-Piknik-Deblin-WZL2--300x200.jpg\" data-width=\"300\" data-height=\"200\" aria-label=\"\" role=\"img\" ><\/div>\n\t\t\t\t\t\t\t\t\t\t\t<div class=\"elementor-gallery-item__overlay\"><\/div>\n\t\t\t\t\t\t\t\t\t\t\t\t\t\t<\/a>\n\t\t\t\t\t\t\t<a class=\"e-gallery-item elementor-gallery-item elementor-animated-content\" href=\"https:\/\/wzl2.mil.pl\/wp-content\/uploads\/Deblin-Piknik-Lotniczy-WZL2-Wizjer.jpg\" data-elementor-open-lightbox=\"yes\" data-elementor-lightbox-slideshow=\"4a5898e\" data-elementor-lightbox-title=\"Piknik Lotniczy Lotniczej Akademii Wojskowej\" data-e-action-hash=\"#elementor-action%3Aaction%3Dlightbox%26settings%3DeyJpZCI6MTQ1MTcsInVybCI6Imh0dHBzOlwvXC93emwyLm1pbC5wbFwvd3AtY29udGVudFwvdXBsb2Fkc1wvRGVibGluLVBpa25pay1Mb3RuaWN6eS1XWkwyLVdpemplci5qcGciLCJzbGlkZXNob3ciOiI0YTU4OThlIn0%3D\">\n\t\t\t\t\t<div class=\"e-gallery-image elementor-gallery-item__image\" data-thumbnail=\"https:\/\/wzl2.mil.pl\/wp-content\/uploads\/Deblin-Piknik-Lotniczy-WZL2-Wizjer-200x300.jpg\" data-width=\"200\" data-height=\"300\" aria-label=\"\" role=\"img\" ><\/div>\n\t\t\t\t\t\t\t\t\t\t\t<div class=\"elementor-gallery-item__overlay\"><\/div>\n\t\t\t\t\t\t\t\t\t\t\t\t\t\t<\/a>\n\t\t\t\t\t<\/div>\n\t\t\t\t\t<\/div>\n\t\t\t\t<\/div>\n\t\t\t\t\t<\/div>\n\t\t\t\t<\/div>\n\t\t\t\t<\/div>\n\t\t","protected":false},"excerpt":{"rendered":"<p>Wojskowe Zak\u0142ady Lotnicze No. 2 S.A. took part in an extraordinary event, which was the Science and Aviation Picnic in Deblin, organized on the occasion of the 100th anniversary of the School of Eaglets &#8211; Military Aviation Academy. The celebration attracted many aviation enthusiasts, representatives of the defense industry, academia and a wide range of [&hellip;]<\/p>\n","protected":false},"author":21,"featured_media":14501,"comment_status":"closed","ping_status":"open","sticky":false,"template":"","format":"standard","meta":{"footnotes":""},"categories":[30],"tags":[],"class_list":["post-14521","post","type-post","status-publish","format-standard","has-post-thumbnail","hentry","category-aktualnosci-en"],"yoast_head":"<!-- This site is optimized with the Yoast SEO plugin v27.3 - https:\/\/yoast.com\/product\/yoast-seo-wordpress\/ -->\n<title>Wojskowe Zak\u0142ady Lotnicze No 2 S.A. at the Science and Aviation Picnic in D\u0119blin - Wojskowe Zak\u0142ady Lotnicze<\/title>\n<meta name=\"robots\" content=\"index, follow, max-snippet:-1, max-image-preview:large, max-video-preview:-1\" \/>\n<link rel=\"canonical\" href=\"https:\/\/wzl2.mil.pl\/en\/wojskowe-zaklady-lotnicze-no-2-s-a-at-the-science-and-aviation-picnic-in-deblin\/\" \/>\n<meta property=\"og:locale\" content=\"en_US\" \/>\n<meta property=\"og:type\" content=\"article\" \/>\n<meta property=\"og:title\" content=\"Wojskowe Zak\u0142ady Lotnicze No 2 S.A. at the Science and Aviation Picnic in D\u0119blin - Wojskowe Zak\u0142ady Lotnicze\" \/>\n<meta property=\"og:description\" content=\"Wojskowe Zak\u0142ady Lotnicze No. 2 S.A. took part in an extraordinary event, which was the Science and Aviation Picnic in Deblin, organized on the occasion of the 100th anniversary of the School of Eaglets &#8211; Military Aviation Academy. The celebration attracted many aviation enthusiasts, representatives of the defense industry, academia and a wide range of [&hellip;]\" \/>\n<meta property=\"og:url\" content=\"https:\/\/wzl2.mil.pl\/en\/wojskowe-zaklady-lotnicze-no-2-s-a-at-the-science-and-aviation-picnic-in-deblin\/\" \/>\n<meta property=\"og:site_name\" content=\"Wojskowe Zak\u0142ady Lotnicze\" \/>\n<meta property=\"article:published_time\" content=\"2025-06-13T09:34:46+00:00\" \/>\n<meta property=\"article:modified_time\" content=\"2025-06-17T09:43:16+00:00\" \/>\n<meta property=\"og:image\" content=\"https:\/\/wzl2.mil.pl\/wp-content\/uploads\/Deblin-LAW-Piknik-Lotniczy-PGZ-Dron-Wizjer.jpg\" \/>\n\t<meta property=\"og:image:width\" content=\"2048\" \/>\n\t<meta property=\"og:image:height\" content=\"1367\" \/>\n\t<meta property=\"og:image:type\" content=\"image\/jpeg\" \/>\n<meta name=\"author\" content=\"Joanna Szewczykowska\" \/>\n<meta name=\"twitter:card\" content=\"summary_large_image\" \/>\n<meta name=\"twitter:label1\" content=\"Written by\" \/>\n\t<meta name=\"twitter:data1\" content=\"Joanna Szewczykowska\" \/>\n\t<meta name=\"twitter:label2\" content=\"Est. reading time\" \/>\n\t<meta name=\"twitter:data2\" content=\"2 minutes\" \/>\n<script type=\"application\/ld+json\" class=\"yoast-schema-graph\">{\"@context\":\"https:\\\/\\\/schema.org\",\"@graph\":[{\"@type\":\"Article\",\"@id\":\"https:\\\/\\\/wzl2.mil.pl\\\/en\\\/wojskowe-zaklady-lotnicze-no-2-s-a-at-the-science-and-aviation-picnic-in-deblin\\\/#article\",\"isPartOf\":{\"@id\":\"https:\\\/\\\/wzl2.mil.pl\\\/en\\\/wojskowe-zaklady-lotnicze-no-2-s-a-at-the-science-and-aviation-picnic-in-deblin\\\/\"},\"author\":{\"name\":\"Joanna Szewczykowska\",\"@id\":\"https:\\\/\\\/wzl2.mil.pl\\\/en\\\/#\\\/schema\\\/person\\\/f67b350d5d411c1b836a027fb7463d9c\"},\"headline\":\"Wojskowe Zak\u0142ady Lotnicze No 2 S.A. at the Science and Aviation Picnic in D\u0119blin\",\"datePublished\":\"2025-06-13T09:34:46+00:00\",\"dateModified\":\"2025-06-17T09:43:16+00:00\",\"mainEntityOfPage\":{\"@id\":\"https:\\\/\\\/wzl2.mil.pl\\\/en\\\/wojskowe-zaklady-lotnicze-no-2-s-a-at-the-science-and-aviation-picnic-in-deblin\\\/\"},\"wordCount\":298,\"publisher\":{\"@id\":\"https:\\\/\\\/wzl2.mil.pl\\\/en\\\/#organization\"},\"image\":{\"@id\":\"https:\\\/\\\/wzl2.mil.pl\\\/en\\\/wojskowe-zaklady-lotnicze-no-2-s-a-at-the-science-and-aviation-picnic-in-deblin\\\/#primaryimage\"},\"thumbnailUrl\":\"https:\\\/\\\/wzl2.mil.pl\\\/wp-content\\\/uploads\\\/Deblin-LAW-Piknik-Lotniczy-PGZ-Dron-Wizjer.jpg\",\"articleSection\":[\"Aktualno\u015bci\"],\"inLanguage\":\"en-US\"},{\"@type\":\"WebPage\",\"@id\":\"https:\\\/\\\/wzl2.mil.pl\\\/en\\\/wojskowe-zaklady-lotnicze-no-2-s-a-at-the-science-and-aviation-picnic-in-deblin\\\/\",\"url\":\"https:\\\/\\\/wzl2.mil.pl\\\/en\\\/wojskowe-zaklady-lotnicze-no-2-s-a-at-the-science-and-aviation-picnic-in-deblin\\\/\",\"name\":\"Wojskowe Zak\u0142ady Lotnicze No 2 S.A. at the Science and Aviation Picnic in D\u0119blin - Wojskowe Zak\u0142ady Lotnicze\",\"isPartOf\":{\"@id\":\"https:\\\/\\\/wzl2.mil.pl\\\/en\\\/#website\"},\"primaryImageOfPage\":{\"@id\":\"https:\\\/\\\/wzl2.mil.pl\\\/en\\\/wojskowe-zaklady-lotnicze-no-2-s-a-at-the-science-and-aviation-picnic-in-deblin\\\/#primaryimage\"},\"image\":{\"@id\":\"https:\\\/\\\/wzl2.mil.pl\\\/en\\\/wojskowe-zaklady-lotnicze-no-2-s-a-at-the-science-and-aviation-picnic-in-deblin\\\/#primaryimage\"},\"thumbnailUrl\":\"https:\\\/\\\/wzl2.mil.pl\\\/wp-content\\\/uploads\\\/Deblin-LAW-Piknik-Lotniczy-PGZ-Dron-Wizjer.jpg\",\"datePublished\":\"2025-06-13T09:34:46+00:00\",\"dateModified\":\"2025-06-17T09:43:16+00:00\",\"breadcrumb\":{\"@id\":\"https:\\\/\\\/wzl2.mil.pl\\\/en\\\/wojskowe-zaklady-lotnicze-no-2-s-a-at-the-science-and-aviation-picnic-in-deblin\\\/#breadcrumb\"},\"inLanguage\":\"en-US\",\"potentialAction\":[{\"@type\":\"ReadAction\",\"target\":[\"https:\\\/\\\/wzl2.mil.pl\\\/en\\\/wojskowe-zaklady-lotnicze-no-2-s-a-at-the-science-and-aviation-picnic-in-deblin\\\/\"]}]},{\"@type\":\"ImageObject\",\"inLanguage\":\"en-US\",\"@id\":\"https:\\\/\\\/wzl2.mil.pl\\\/en\\\/wojskowe-zaklady-lotnicze-no-2-s-a-at-the-science-and-aviation-picnic-in-deblin\\\/#primaryimage\",\"url\":\"https:\\\/\\\/wzl2.mil.pl\\\/wp-content\\\/uploads\\\/Deblin-LAW-Piknik-Lotniczy-PGZ-Dron-Wizjer.jpg\",\"contentUrl\":\"https:\\\/\\\/wzl2.mil.pl\\\/wp-content\\\/uploads\\\/Deblin-LAW-Piknik-Lotniczy-PGZ-Dron-Wizjer.jpg\",\"width\":2048,\"height\":1367},{\"@type\":\"BreadcrumbList\",\"@id\":\"https:\\\/\\\/wzl2.mil.pl\\\/en\\\/wojskowe-zaklady-lotnicze-no-2-s-a-at-the-science-and-aviation-picnic-in-deblin\\\/#breadcrumb\",\"itemListElement\":[{\"@type\":\"ListItem\",\"position\":1,\"name\":\"Strona g\u0142\u00f3wna\",\"item\":\"https:\\\/\\\/wzl2.mil.pl\\\/en\\\/\"},{\"@type\":\"ListItem\",\"position\":2,\"name\":\"Wojskowe Zak\u0142ady Lotnicze No 2 S.A. at the Science and Aviation Picnic in D\u0119blin\"}]},{\"@type\":\"WebSite\",\"@id\":\"https:\\\/\\\/wzl2.mil.pl\\\/en\\\/#website\",\"url\":\"https:\\\/\\\/wzl2.mil.pl\\\/en\\\/\",\"name\":\"Wojskowe Zak\u0142ady Lotnicze\",\"description\":\"\",\"publisher\":{\"@id\":\"https:\\\/\\\/wzl2.mil.pl\\\/en\\\/#organization\"},\"potentialAction\":[{\"@type\":\"SearchAction\",\"target\":{\"@type\":\"EntryPoint\",\"urlTemplate\":\"https:\\\/\\\/wzl2.mil.pl\\\/en\\\/?s={search_term_string}\"},\"query-input\":{\"@type\":\"PropertyValueSpecification\",\"valueRequired\":true,\"valueName\":\"search_term_string\"}}],\"inLanguage\":\"en-US\"},{\"@type\":\"Organization\",\"@id\":\"https:\\\/\\\/wzl2.mil.pl\\\/en\\\/#organization\",\"name\":\"Wojskowe Zak\u0142ady Lotnicze\",\"url\":\"https:\\\/\\\/wzl2.mil.pl\\\/en\\\/\",\"logo\":{\"@type\":\"ImageObject\",\"inLanguage\":\"en-US\",\"@id\":\"https:\\\/\\\/wzl2.mil.pl\\\/en\\\/#\\\/schema\\\/logo\\\/image\\\/\",\"url\":\"https:\\\/\\\/wzl2.mil.pl\\\/wp-content\\\/uploads\\\/cropped-logo_wzl-naglowek-e1679922458229.jpg\",\"contentUrl\":\"https:\\\/\\\/wzl2.mil.pl\\\/wp-content\\\/uploads\\\/cropped-logo_wzl-naglowek-e1679922458229.jpg\",\"width\":100,\"height\":100,\"caption\":\"Wojskowe Zak\u0142ady Lotnicze\"},\"image\":{\"@id\":\"https:\\\/\\\/wzl2.mil.pl\\\/en\\\/#\\\/schema\\\/logo\\\/image\\\/\"}},{\"@type\":\"Person\",\"@id\":\"https:\\\/\\\/wzl2.mil.pl\\\/en\\\/#\\\/schema\\\/person\\\/f67b350d5d411c1b836a027fb7463d9c\",\"name\":\"Joanna Szewczykowska\",\"url\":\"https:\\\/\\\/wzl2.mil.pl\\\/en\\\/author\\\/joanna-szewczykowska\\\/\"}]}<\/script>\n<!-- \/ Yoast SEO plugin. -->","yoast_head_json":{"title":"Wojskowe Zak\u0142ady Lotnicze No 2 S.A. at the Science and Aviation Picnic in D\u0119blin - Wojskowe Zak\u0142ady Lotnicze","robots":{"index":"index","follow":"follow","max-snippet":"max-snippet:-1","max-image-preview":"max-image-preview:large","max-video-preview":"max-video-preview:-1"},"canonical":"https:\/\/wzl2.mil.pl\/en\/wojskowe-zaklady-lotnicze-no-2-s-a-at-the-science-and-aviation-picnic-in-deblin\/","og_locale":"en_US","og_type":"article","og_title":"Wojskowe Zak\u0142ady Lotnicze No 2 S.A. at the Science and Aviation Picnic in D\u0119blin - Wojskowe Zak\u0142ady Lotnicze","og_description":"Wojskowe Zak\u0142ady Lotnicze No. 2 S.A. took part in an extraordinary event, which was the Science and Aviation Picnic in Deblin, organized on the occasion of the 100th anniversary of the School of Eaglets &#8211; Military Aviation Academy. The celebration attracted many aviation enthusiasts, representatives of the defense industry, academia and a wide range of [&hellip;]","og_url":"https:\/\/wzl2.mil.pl\/en\/wojskowe-zaklady-lotnicze-no-2-s-a-at-the-science-and-aviation-picnic-in-deblin\/","og_site_name":"Wojskowe Zak\u0142ady Lotnicze","article_published_time":"2025-06-13T09:34:46+00:00","article_modified_time":"2025-06-17T09:43:16+00:00","og_image":[{"width":2048,"height":1367,"url":"https:\/\/wzl2.mil.pl\/wp-content\/uploads\/Deblin-LAW-Piknik-Lotniczy-PGZ-Dron-Wizjer.jpg","type":"image\/jpeg"}],"author":"Joanna Szewczykowska","twitter_card":"summary_large_image","twitter_misc":{"Written by":"Joanna Szewczykowska","Est. reading time":"2 minutes"},"schema":{"@context":"https:\/\/schema.org","@graph":[{"@type":"Article","@id":"https:\/\/wzl2.mil.pl\/en\/wojskowe-zaklady-lotnicze-no-2-s-a-at-the-science-and-aviation-picnic-in-deblin\/#article","isPartOf":{"@id":"https:\/\/wzl2.mil.pl\/en\/wojskowe-zaklady-lotnicze-no-2-s-a-at-the-science-and-aviation-picnic-in-deblin\/"},"author":{"name":"Joanna Szewczykowska","@id":"https:\/\/wzl2.mil.pl\/en\/#\/schema\/person\/f67b350d5d411c1b836a027fb7463d9c"},"headline":"Wojskowe Zak\u0142ady Lotnicze No 2 S.A. at the Science and Aviation Picnic in D\u0119blin","datePublished":"2025-06-13T09:34:46+00:00","dateModified":"2025-06-17T09:43:16+00:00","mainEntityOfPage":{"@id":"https:\/\/wzl2.mil.pl\/en\/wojskowe-zaklady-lotnicze-no-2-s-a-at-the-science-and-aviation-picnic-in-deblin\/"},"wordCount":298,"publisher":{"@id":"https:\/\/wzl2.mil.pl\/en\/#organization"},"image":{"@id":"https:\/\/wzl2.mil.pl\/en\/wojskowe-zaklady-lotnicze-no-2-s-a-at-the-science-and-aviation-picnic-in-deblin\/#primaryimage"},"thumbnailUrl":"https:\/\/wzl2.mil.pl\/wp-content\/uploads\/Deblin-LAW-Piknik-Lotniczy-PGZ-Dron-Wizjer.jpg","articleSection":["Aktualno\u015bci"],"inLanguage":"en-US"},{"@type":"WebPage","@id":"https:\/\/wzl2.mil.pl\/en\/wojskowe-zaklady-lotnicze-no-2-s-a-at-the-science-and-aviation-picnic-in-deblin\/","url":"https:\/\/wzl2.mil.pl\/en\/wojskowe-zaklady-lotnicze-no-2-s-a-at-the-science-and-aviation-picnic-in-deblin\/","name":"Wojskowe Zak\u0142ady Lotnicze No 2 S.A. at the Science and Aviation Picnic in D\u0119blin - Wojskowe Zak\u0142ady Lotnicze","isPartOf":{"@id":"https:\/\/wzl2.mil.pl\/en\/#website"},"primaryImageOfPage":{"@id":"https:\/\/wzl2.mil.pl\/en\/wojskowe-zaklady-lotnicze-no-2-s-a-at-the-science-and-aviation-picnic-in-deblin\/#primaryimage"},"image":{"@id":"https:\/\/wzl2.mil.pl\/en\/wojskowe-zaklady-lotnicze-no-2-s-a-at-the-science-and-aviation-picnic-in-deblin\/#primaryimage"},"thumbnailUrl":"https:\/\/wzl2.mil.pl\/wp-content\/uploads\/Deblin-LAW-Piknik-Lotniczy-PGZ-Dron-Wizjer.jpg","datePublished":"2025-06-13T09:34:46+00:00","dateModified":"2025-06-17T09:43:16+00:00","breadcrumb":{"@id":"https:\/\/wzl2.mil.pl\/en\/wojskowe-zaklady-lotnicze-no-2-s-a-at-the-science-and-aviation-picnic-in-deblin\/#breadcrumb"},"inLanguage":"en-US","potentialAction":[{"@type":"ReadAction","target":["https:\/\/wzl2.mil.pl\/en\/wojskowe-zaklady-lotnicze-no-2-s-a-at-the-science-and-aviation-picnic-in-deblin\/"]}]},{"@type":"ImageObject","inLanguage":"en-US","@id":"https:\/\/wzl2.mil.pl\/en\/wojskowe-zaklady-lotnicze-no-2-s-a-at-the-science-and-aviation-picnic-in-deblin\/#primaryimage","url":"https:\/\/wzl2.mil.pl\/wp-content\/uploads\/Deblin-LAW-Piknik-Lotniczy-PGZ-Dron-Wizjer.jpg","contentUrl":"https:\/\/wzl2.mil.pl\/wp-content\/uploads\/Deblin-LAW-Piknik-Lotniczy-PGZ-Dron-Wizjer.jpg","width":2048,"height":1367},{"@type":"BreadcrumbList","@id":"https:\/\/wzl2.mil.pl\/en\/wojskowe-zaklady-lotnicze-no-2-s-a-at-the-science-and-aviation-picnic-in-deblin\/#breadcrumb","itemListElement":[{"@type":"ListItem","position":1,"name":"Strona g\u0142\u00f3wna","item":"https:\/\/wzl2.mil.pl\/en\/"},{"@type":"ListItem","position":2,"name":"Wojskowe Zak\u0142ady Lotnicze No 2 S.A. at the Science and Aviation Picnic in D\u0119blin"}]},{"@type":"WebSite","@id":"https:\/\/wzl2.mil.pl\/en\/#website","url":"https:\/\/wzl2.mil.pl\/en\/","name":"Wojskowe Zak\u0142ady Lotnicze","description":"","publisher":{"@id":"https:\/\/wzl2.mil.pl\/en\/#organization"},"potentialAction":[{"@type":"SearchAction","target":{"@type":"EntryPoint","urlTemplate":"https:\/\/wzl2.mil.pl\/en\/?s={search_term_string}"},"query-input":{"@type":"PropertyValueSpecification","valueRequired":true,"valueName":"search_term_string"}}],"inLanguage":"en-US"},{"@type":"Organization","@id":"https:\/\/wzl2.mil.pl\/en\/#organization","name":"Wojskowe Zak\u0142ady Lotnicze","url":"https:\/\/wzl2.mil.pl\/en\/","logo":{"@type":"ImageObject","inLanguage":"en-US","@id":"https:\/\/wzl2.mil.pl\/en\/#\/schema\/logo\/image\/","url":"https:\/\/wzl2.mil.pl\/wp-content\/uploads\/cropped-logo_wzl-naglowek-e1679922458229.jpg","contentUrl":"https:\/\/wzl2.mil.pl\/wp-content\/uploads\/cropped-logo_wzl-naglowek-e1679922458229.jpg","width":100,"height":100,"caption":"Wojskowe Zak\u0142ady Lotnicze"},"image":{"@id":"https:\/\/wzl2.mil.pl\/en\/#\/schema\/logo\/image\/"}},{"@type":"Person","@id":"https:\/\/wzl2.mil.pl\/en\/#\/schema\/person\/f67b350d5d411c1b836a027fb7463d9c","name":"Joanna Szewczykowska","url":"https:\/\/wzl2.mil.pl\/en\/author\/joanna-szewczykowska\/"}]}},"_links":{"self":[{"href":"https:\/\/wzl2.mil.pl\/en\/wp-json\/wp\/v2\/posts\/14521","targetHints":{"allow":["GET"]}}],"collection":[{"href":"https:\/\/wzl2.mil.pl\/en\/wp-json\/wp\/v2\/posts"}],"about":[{"href":"https:\/\/wzl2.mil.pl\/en\/wp-json\/wp\/v2\/types\/post"}],"author":[{"embeddable":true,"href":"https:\/\/wzl2.mil.pl\/en\/wp-json\/wp\/v2\/users\/21"}],"replies":[{"embeddable":true,"href":"https:\/\/wzl2.mil.pl\/en\/wp-json\/wp\/v2\/comments?post=14521"}],"version-history":[{"count":4,"href":"https:\/\/wzl2.mil.pl\/en\/wp-json\/wp\/v2\/posts\/14521\/revisions"}],"predecessor-version":[{"id":14526,"href":"https:\/\/wzl2.mil.pl\/en\/wp-json\/wp\/v2\/posts\/14521\/revisions\/14526"}],"wp:featuredmedia":[{"embeddable":true,"href":"https:\/\/wzl2.mil.pl\/en\/wp-json\/wp\/v2\/media\/14501"}],"wp:attachment":[{"href":"https:\/\/wzl2.mil.pl\/en\/wp-json\/wp\/v2\/media?parent=14521"}],"wp:term":[{"taxonomy":"category","embeddable":true,"href":"https:\/\/wzl2.mil.pl\/en\/wp-json\/wp\/v2\/categories?post=14521"},{"taxonomy":"post_tag","embeddable":true,"href":"https:\/\/wzl2.mil.pl\/en\/wp-json\/wp\/v2\/tags?post=14521"}],"curies":[{"name":"wp","href":"https:\/\/api.w.org\/{rel}","templated":true}]}}