{"id":5166,"date":"2017-07-06T00:00:00","date_gmt":"2017-07-05T22:00:00","guid":{"rendered":"http:\/\/nowa.wzl2.mil.pl\/mlodzi-zdolni-wysportowani-wzl-nr-2-s-a\/"},"modified":"2017-07-06T00:00:00","modified_gmt":"2017-07-05T22:00:00","slug":"mlodzi-zdolni-wysportowani-wzl-nr-2-s-a","status":"publish","type":"post","link":"https:\/\/wzl2.mil.pl\/en\/mlodzi-zdolni-wysportowani-wzl-nr-2-s-a\/","title":{"rendered":"M\u0142odzi, zdolni i wysportowani w WZL Nr 2 S.A."},"content":{"rendered":"<p style=\"text-align: left;\">&#8230;. a do tego najbardziej &#8220;fair&#8221; w turnieju Bia\u0142y Mi\u015b. Tak w skr\u00f3cie mo\u017cna opisa\u0107 dzieci i m\u0142odzie\u017c ze Szko\u0142y Podstawowej Nr 20 z Grudzi\u0105dza. Prawie czterdziestoosobowa grupa odwiedzi\u0142a nasz zak\u0142ad w ramach nagrody dla dru\u017cyny Fair Play w turnieju Bia\u0142y Mi\u015b.<\/p>\n<p style=\"text-align: left;\">Bia\u0142y Mi\u015b to turniej sportowy organizowany przez Gazet\u0119 Pomorsk\u0105, mog\u0105cy pochwali\u0107 si\u0119 bogat\u0105 tradycj\u0105. WZL Nr 2 S.A. nie pierwszy raz wspiera\u0142y t\u0119 ciekaw\u0105 inicjatyw\u0119. Jednak w tym roku postanowili\u015bmy nagrodzi\u0107 dru\u017cyn\u0119, kt\u00f3ra pomimo ducha walki, kierowa\u0142a si\u0119 zasad\u0105 fair play.<\/p>\n<p style=\"text-align: left;\">W czasie wycieczki dzieci zapozna\u0142y si\u0119 z histori\u0105 i obecn\u0105 dzia\u0142alno\u015bci\u0105 naszej firmy.<\/p>\n","protected":false},"excerpt":{"rendered":"<p>&#8230;. a do tego najbardziej &#8220;fair&#8221; w turnieju Bia\u0142y Mi\u015b. Tak w skr\u00f3cie mo\u017cna opisa\u0107 dzieci i m\u0142odzie\u017c ze Szko\u0142y Podstawowej Nr 20 z Grudzi\u0105dza. Prawie czterdziestoosobowa grupa odwiedzi\u0142a nasz zak\u0142ad w ramach nagrody dla dru\u017cyny Fair Play w turnieju Bia\u0142y Mi\u015b. Bia\u0142y Mi\u015b to turniej sportowy organizowany przez Gazet\u0119 Pomorsk\u0105, mog\u0105cy pochwali\u0107 si\u0119 bogat\u0105 [&hellip;]<\/p>\n","protected":false},"author":6,"featured_media":1384,"comment_status":"open","ping_status":"open","sticky":false,"template":"","format":"standard","meta":{"footnotes":""},"categories":[28],"tags":[],"class_list":["post-5166","post","type-post","status-publish","format-standard","has-post-thumbnail","hentry","category-uncategorized"],"yoast_head":"<!-- This site is optimized with the Yoast SEO plugin v27.3 - https:\/\/yoast.com\/product\/yoast-seo-wordpress\/ -->\n<title>M\u0142odzi, zdolni i wysportowani w WZL Nr 2 S.A. - Wojskowe Zak\u0142ady Lotnicze<\/title>\n<meta name=\"robots\" content=\"index, follow, max-snippet:-1, max-image-preview:large, max-video-preview:-1\" \/>\n<link rel=\"canonical\" href=\"https:\/\/wzl2.mil.pl\/en\/mlodzi-zdolni-wysportowani-wzl-nr-2-s-a\/\" \/>\n<meta property=\"og:locale\" content=\"en_US\" \/>\n<meta property=\"og:type\" content=\"article\" \/>\n<meta property=\"og:title\" content=\"M\u0142odzi, zdolni i wysportowani w WZL Nr 2 S.A. - Wojskowe Zak\u0142ady Lotnicze\" \/>\n<meta property=\"og:description\" content=\"&#8230;. a do tego najbardziej &#8220;fair&#8221; w turnieju Bia\u0142y Mi\u015b. Tak w skr\u00f3cie mo\u017cna opisa\u0107 dzieci i m\u0142odzie\u017c ze Szko\u0142y Podstawowej Nr 20 z Grudzi\u0105dza. Prawie czterdziestoosobowa grupa odwiedzi\u0142a nasz zak\u0142ad w ramach nagrody dla dru\u017cyny Fair Play w turnieju Bia\u0142y Mi\u015b. Bia\u0142y Mi\u015b to turniej sportowy organizowany przez Gazet\u0119 Pomorsk\u0105, mog\u0105cy pochwali\u0107 si\u0119 bogat\u0105 [&hellip;]\" \/>\n<meta property=\"og:url\" content=\"https:\/\/wzl2.mil.pl\/en\/mlodzi-zdolni-wysportowani-wzl-nr-2-s-a\/\" \/>\n<meta property=\"og:site_name\" content=\"Wojskowe Zak\u0142ady Lotnicze\" \/>\n<meta property=\"article:published_time\" content=\"2017-07-05T22:00:00+00:00\" \/>\n<meta property=\"og:image\" content=\"https:\/\/wzl2.mil.pl\/wp-content\/uploads\/aktualnosci_Bialy_Mis.jpg\" \/>\n\t<meta property=\"og:image:width\" content=\"2246\" \/>\n\t<meta property=\"og:image:height\" content=\"1372\" \/>\n\t<meta property=\"og:image:type\" content=\"image\/jpeg\" \/>\n<meta name=\"author\" content=\"wzL24xaDs\" \/>\n<meta name=\"twitter:card\" content=\"summary_large_image\" \/>\n<meta name=\"twitter:label1\" content=\"Written by\" \/>\n\t<meta name=\"twitter:data1\" content=\"wzL24xaDs\" \/>\n\t<meta name=\"twitter:label2\" content=\"Est. reading time\" \/>\n\t<meta name=\"twitter:data2\" content=\"1 minute\" \/>\n<script type=\"application\/ld+json\" class=\"yoast-schema-graph\">{\"@context\":\"https:\\\/\\\/schema.org\",\"@graph\":[{\"@type\":\"Article\",\"@id\":\"https:\\\/\\\/wzl2.mil.pl\\\/en\\\/mlodzi-zdolni-wysportowani-wzl-nr-2-s-a\\\/#article\",\"isPartOf\":{\"@id\":\"https:\\\/\\\/wzl2.mil.pl\\\/en\\\/mlodzi-zdolni-wysportowani-wzl-nr-2-s-a\\\/\"},\"author\":{\"name\":\"wzL24xaDs\",\"@id\":\"https:\\\/\\\/wzl2.mil.pl\\\/en\\\/#\\\/schema\\\/person\\\/52eb06d988d995ad6d49cb1ff0dc04fb\"},\"headline\":\"M\u0142odzi, zdolni i wysportowani w WZL Nr 2 S.A.\",\"datePublished\":\"2017-07-05T22:00:00+00:00\",\"mainEntityOfPage\":{\"@id\":\"https:\\\/\\\/wzl2.mil.pl\\\/en\\\/mlodzi-zdolni-wysportowani-wzl-nr-2-s-a\\\/\"},\"wordCount\":124,\"commentCount\":0,\"publisher\":{\"@id\":\"https:\\\/\\\/wzl2.mil.pl\\\/en\\\/#organization\"},\"image\":{\"@id\":\"https:\\\/\\\/wzl2.mil.pl\\\/en\\\/mlodzi-zdolni-wysportowani-wzl-nr-2-s-a\\\/#primaryimage\"},\"thumbnailUrl\":\"https:\\\/\\\/wzl2.mil.pl\\\/wp-content\\\/uploads\\\/aktualnosci_Bialy_Mis.jpg\",\"inLanguage\":\"en-US\",\"potentialAction\":[{\"@type\":\"CommentAction\",\"name\":\"Comment\",\"target\":[\"https:\\\/\\\/wzl2.mil.pl\\\/en\\\/mlodzi-zdolni-wysportowani-wzl-nr-2-s-a\\\/#respond\"]}]},{\"@type\":\"WebPage\",\"@id\":\"https:\\\/\\\/wzl2.mil.pl\\\/en\\\/mlodzi-zdolni-wysportowani-wzl-nr-2-s-a\\\/\",\"url\":\"https:\\\/\\\/wzl2.mil.pl\\\/en\\\/mlodzi-zdolni-wysportowani-wzl-nr-2-s-a\\\/\",\"name\":\"M\u0142odzi, zdolni i wysportowani w WZL Nr 2 S.A. - Wojskowe Zak\u0142ady Lotnicze\",\"isPartOf\":{\"@id\":\"https:\\\/\\\/wzl2.mil.pl\\\/en\\\/#website\"},\"primaryImageOfPage\":{\"@id\":\"https:\\\/\\\/wzl2.mil.pl\\\/en\\\/mlodzi-zdolni-wysportowani-wzl-nr-2-s-a\\\/#primaryimage\"},\"image\":{\"@id\":\"https:\\\/\\\/wzl2.mil.pl\\\/en\\\/mlodzi-zdolni-wysportowani-wzl-nr-2-s-a\\\/#primaryimage\"},\"thumbnailUrl\":\"https:\\\/\\\/wzl2.mil.pl\\\/wp-content\\\/uploads\\\/aktualnosci_Bialy_Mis.jpg\",\"datePublished\":\"2017-07-05T22:00:00+00:00\",\"breadcrumb\":{\"@id\":\"https:\\\/\\\/wzl2.mil.pl\\\/en\\\/mlodzi-zdolni-wysportowani-wzl-nr-2-s-a\\\/#breadcrumb\"},\"inLanguage\":\"en-US\",\"potentialAction\":[{\"@type\":\"ReadAction\",\"target\":[\"https:\\\/\\\/wzl2.mil.pl\\\/en\\\/mlodzi-zdolni-wysportowani-wzl-nr-2-s-a\\\/\"]}]},{\"@type\":\"ImageObject\",\"inLanguage\":\"en-US\",\"@id\":\"https:\\\/\\\/wzl2.mil.pl\\\/en\\\/mlodzi-zdolni-wysportowani-wzl-nr-2-s-a\\\/#primaryimage\",\"url\":\"https:\\\/\\\/wzl2.mil.pl\\\/wp-content\\\/uploads\\\/aktualnosci_Bialy_Mis.jpg\",\"contentUrl\":\"https:\\\/\\\/wzl2.mil.pl\\\/wp-content\\\/uploads\\\/aktualnosci_Bialy_Mis.jpg\",\"width\":2246,\"height\":1372},{\"@type\":\"BreadcrumbList\",\"@id\":\"https:\\\/\\\/wzl2.mil.pl\\\/en\\\/mlodzi-zdolni-wysportowani-wzl-nr-2-s-a\\\/#breadcrumb\",\"itemListElement\":[{\"@type\":\"ListItem\",\"position\":1,\"name\":\"Strona g\u0142\u00f3wna\",\"item\":\"https:\\\/\\\/wzl2.mil.pl\\\/en\\\/\"},{\"@type\":\"ListItem\",\"position\":2,\"name\":\"M\u0142odzi, zdolni i wysportowani w WZL Nr 2 S.A.\"}]},{\"@type\":\"WebSite\",\"@id\":\"https:\\\/\\\/wzl2.mil.pl\\\/en\\\/#website\",\"url\":\"https:\\\/\\\/wzl2.mil.pl\\\/en\\\/\",\"name\":\"Wojskowe Zak\u0142ady Lotnicze\",\"description\":\"\",\"publisher\":{\"@id\":\"https:\\\/\\\/wzl2.mil.pl\\\/en\\\/#organization\"},\"potentialAction\":[{\"@type\":\"SearchAction\",\"target\":{\"@type\":\"EntryPoint\",\"urlTemplate\":\"https:\\\/\\\/wzl2.mil.pl\\\/en\\\/?s={search_term_string}\"},\"query-input\":{\"@type\":\"PropertyValueSpecification\",\"valueRequired\":true,\"valueName\":\"search_term_string\"}}],\"inLanguage\":\"en-US\"},{\"@type\":\"Organization\",\"@id\":\"https:\\\/\\\/wzl2.mil.pl\\\/en\\\/#organization\",\"name\":\"Wojskowe Zak\u0142ady Lotnicze\",\"url\":\"https:\\\/\\\/wzl2.mil.pl\\\/en\\\/\",\"logo\":{\"@type\":\"ImageObject\",\"inLanguage\":\"en-US\",\"@id\":\"https:\\\/\\\/wzl2.mil.pl\\\/en\\\/#\\\/schema\\\/logo\\\/image\\\/\",\"url\":\"https:\\\/\\\/wzl2.mil.pl\\\/wp-content\\\/uploads\\\/cropped-logo_wzl-naglowek-e1679922458229.jpg\",\"contentUrl\":\"https:\\\/\\\/wzl2.mil.pl\\\/wp-content\\\/uploads\\\/cropped-logo_wzl-naglowek-e1679922458229.jpg\",\"width\":100,\"height\":100,\"caption\":\"Wojskowe Zak\u0142ady Lotnicze\"},\"image\":{\"@id\":\"https:\\\/\\\/wzl2.mil.pl\\\/en\\\/#\\\/schema\\\/logo\\\/image\\\/\"}},{\"@type\":\"Person\",\"@id\":\"https:\\\/\\\/wzl2.mil.pl\\\/en\\\/#\\\/schema\\\/person\\\/52eb06d988d995ad6d49cb1ff0dc04fb\",\"name\":\"wzL24xaDs\",\"url\":\"https:\\\/\\\/wzl2.mil.pl\\\/en\\\/author\\\/wzl24xads\\\/\"}]}<\/script>\n<!-- \/ Yoast SEO plugin. -->","yoast_head_json":{"title":"M\u0142odzi, zdolni i wysportowani w WZL Nr 2 S.A. - Wojskowe Zak\u0142ady Lotnicze","robots":{"index":"index","follow":"follow","max-snippet":"max-snippet:-1","max-image-preview":"max-image-preview:large","max-video-preview":"max-video-preview:-1"},"canonical":"https:\/\/wzl2.mil.pl\/en\/mlodzi-zdolni-wysportowani-wzl-nr-2-s-a\/","og_locale":"en_US","og_type":"article","og_title":"M\u0142odzi, zdolni i wysportowani w WZL Nr 2 S.A. - Wojskowe Zak\u0142ady Lotnicze","og_description":"&#8230;. a do tego najbardziej &#8220;fair&#8221; w turnieju Bia\u0142y Mi\u015b. Tak w skr\u00f3cie mo\u017cna opisa\u0107 dzieci i m\u0142odzie\u017c ze Szko\u0142y Podstawowej Nr 20 z Grudzi\u0105dza. Prawie czterdziestoosobowa grupa odwiedzi\u0142a nasz zak\u0142ad w ramach nagrody dla dru\u017cyny Fair Play w turnieju Bia\u0142y Mi\u015b. Bia\u0142y Mi\u015b to turniej sportowy organizowany przez Gazet\u0119 Pomorsk\u0105, mog\u0105cy pochwali\u0107 si\u0119 bogat\u0105 [&hellip;]","og_url":"https:\/\/wzl2.mil.pl\/en\/mlodzi-zdolni-wysportowani-wzl-nr-2-s-a\/","og_site_name":"Wojskowe Zak\u0142ady Lotnicze","article_published_time":"2017-07-05T22:00:00+00:00","og_image":[{"width":2246,"height":1372,"url":"https:\/\/wzl2.mil.pl\/wp-content\/uploads\/aktualnosci_Bialy_Mis.jpg","type":"image\/jpeg"}],"author":"wzL24xaDs","twitter_card":"summary_large_image","twitter_misc":{"Written by":"wzL24xaDs","Est. reading time":"1 minute"},"schema":{"@context":"https:\/\/schema.org","@graph":[{"@type":"Article","@id":"https:\/\/wzl2.mil.pl\/en\/mlodzi-zdolni-wysportowani-wzl-nr-2-s-a\/#article","isPartOf":{"@id":"https:\/\/wzl2.mil.pl\/en\/mlodzi-zdolni-wysportowani-wzl-nr-2-s-a\/"},"author":{"name":"wzL24xaDs","@id":"https:\/\/wzl2.mil.pl\/en\/#\/schema\/person\/52eb06d988d995ad6d49cb1ff0dc04fb"},"headline":"M\u0142odzi, zdolni i wysportowani w WZL Nr 2 S.A.","datePublished":"2017-07-05T22:00:00+00:00","mainEntityOfPage":{"@id":"https:\/\/wzl2.mil.pl\/en\/mlodzi-zdolni-wysportowani-wzl-nr-2-s-a\/"},"wordCount":124,"commentCount":0,"publisher":{"@id":"https:\/\/wzl2.mil.pl\/en\/#organization"},"image":{"@id":"https:\/\/wzl2.mil.pl\/en\/mlodzi-zdolni-wysportowani-wzl-nr-2-s-a\/#primaryimage"},"thumbnailUrl":"https:\/\/wzl2.mil.pl\/wp-content\/uploads\/aktualnosci_Bialy_Mis.jpg","inLanguage":"en-US","potentialAction":[{"@type":"CommentAction","name":"Comment","target":["https:\/\/wzl2.mil.pl\/en\/mlodzi-zdolni-wysportowani-wzl-nr-2-s-a\/#respond"]}]},{"@type":"WebPage","@id":"https:\/\/wzl2.mil.pl\/en\/mlodzi-zdolni-wysportowani-wzl-nr-2-s-a\/","url":"https:\/\/wzl2.mil.pl\/en\/mlodzi-zdolni-wysportowani-wzl-nr-2-s-a\/","name":"M\u0142odzi, zdolni i wysportowani w WZL Nr 2 S.A. - Wojskowe Zak\u0142ady Lotnicze","isPartOf":{"@id":"https:\/\/wzl2.mil.pl\/en\/#website"},"primaryImageOfPage":{"@id":"https:\/\/wzl2.mil.pl\/en\/mlodzi-zdolni-wysportowani-wzl-nr-2-s-a\/#primaryimage"},"image":{"@id":"https:\/\/wzl2.mil.pl\/en\/mlodzi-zdolni-wysportowani-wzl-nr-2-s-a\/#primaryimage"},"thumbnailUrl":"https:\/\/wzl2.mil.pl\/wp-content\/uploads\/aktualnosci_Bialy_Mis.jpg","datePublished":"2017-07-05T22:00:00+00:00","breadcrumb":{"@id":"https:\/\/wzl2.mil.pl\/en\/mlodzi-zdolni-wysportowani-wzl-nr-2-s-a\/#breadcrumb"},"inLanguage":"en-US","potentialAction":[{"@type":"ReadAction","target":["https:\/\/wzl2.mil.pl\/en\/mlodzi-zdolni-wysportowani-wzl-nr-2-s-a\/"]}]},{"@type":"ImageObject","inLanguage":"en-US","@id":"https:\/\/wzl2.mil.pl\/en\/mlodzi-zdolni-wysportowani-wzl-nr-2-s-a\/#primaryimage","url":"https:\/\/wzl2.mil.pl\/wp-content\/uploads\/aktualnosci_Bialy_Mis.jpg","contentUrl":"https:\/\/wzl2.mil.pl\/wp-content\/uploads\/aktualnosci_Bialy_Mis.jpg","width":2246,"height":1372},{"@type":"BreadcrumbList","@id":"https:\/\/wzl2.mil.pl\/en\/mlodzi-zdolni-wysportowani-wzl-nr-2-s-a\/#breadcrumb","itemListElement":[{"@type":"ListItem","position":1,"name":"Strona g\u0142\u00f3wna","item":"https:\/\/wzl2.mil.pl\/en\/"},{"@type":"ListItem","position":2,"name":"M\u0142odzi, zdolni i wysportowani w WZL Nr 2 S.A."}]},{"@type":"WebSite","@id":"https:\/\/wzl2.mil.pl\/en\/#website","url":"https:\/\/wzl2.mil.pl\/en\/","name":"Wojskowe Zak\u0142ady Lotnicze","description":"","publisher":{"@id":"https:\/\/wzl2.mil.pl\/en\/#organization"},"potentialAction":[{"@type":"SearchAction","target":{"@type":"EntryPoint","urlTemplate":"https:\/\/wzl2.mil.pl\/en\/?s={search_term_string}"},"query-input":{"@type":"PropertyValueSpecification","valueRequired":true,"valueName":"search_term_string"}}],"inLanguage":"en-US"},{"@type":"Organization","@id":"https:\/\/wzl2.mil.pl\/en\/#organization","name":"Wojskowe Zak\u0142ady Lotnicze","url":"https:\/\/wzl2.mil.pl\/en\/","logo":{"@type":"ImageObject","inLanguage":"en-US","@id":"https:\/\/wzl2.mil.pl\/en\/#\/schema\/logo\/image\/","url":"https:\/\/wzl2.mil.pl\/wp-content\/uploads\/cropped-logo_wzl-naglowek-e1679922458229.jpg","contentUrl":"https:\/\/wzl2.mil.pl\/wp-content\/uploads\/cropped-logo_wzl-naglowek-e1679922458229.jpg","width":100,"height":100,"caption":"Wojskowe Zak\u0142ady Lotnicze"},"image":{"@id":"https:\/\/wzl2.mil.pl\/en\/#\/schema\/logo\/image\/"}},{"@type":"Person","@id":"https:\/\/wzl2.mil.pl\/en\/#\/schema\/person\/52eb06d988d995ad6d49cb1ff0dc04fb","name":"wzL24xaDs","url":"https:\/\/wzl2.mil.pl\/en\/author\/wzl24xads\/"}]}},"_links":{"self":[{"href":"https:\/\/wzl2.mil.pl\/en\/wp-json\/wp\/v2\/posts\/5166","targetHints":{"allow":["GET"]}}],"collection":[{"href":"https:\/\/wzl2.mil.pl\/en\/wp-json\/wp\/v2\/posts"}],"about":[{"href":"https:\/\/wzl2.mil.pl\/en\/wp-json\/wp\/v2\/types\/post"}],"author":[{"embeddable":true,"href":"https:\/\/wzl2.mil.pl\/en\/wp-json\/wp\/v2\/users\/6"}],"replies":[{"embeddable":true,"href":"https:\/\/wzl2.mil.pl\/en\/wp-json\/wp\/v2\/comments?post=5166"}],"version-history":[{"count":0,"href":"https:\/\/wzl2.mil.pl\/en\/wp-json\/wp\/v2\/posts\/5166\/revisions"}],"wp:featuredmedia":[{"embeddable":true,"href":"https:\/\/wzl2.mil.pl\/en\/wp-json\/wp\/v2\/media\/1384"}],"wp:attachment":[{"href":"https:\/\/wzl2.mil.pl\/en\/wp-json\/wp\/v2\/media?parent=5166"}],"wp:term":[{"taxonomy":"category","embeddable":true,"href":"https:\/\/wzl2.mil.pl\/en\/wp-json\/wp\/v2\/categories?post=5166"},{"taxonomy":"post_tag","embeddable":true,"href":"https:\/\/wzl2.mil.pl\/en\/wp-json\/wp\/v2\/tags?post=5166"}],"curies":[{"name":"wp","href":"https:\/\/api.w.org\/{rel}","templated":true}]}}