{"id":5173,"date":"2017-06-05T00:00:00","date_gmt":"2017-06-04T22:00:00","guid":{"rendered":"http:\/\/nowa.wzl2.mil.pl\/pro-defense-ostrodzie\/"},"modified":"2017-06-05T00:00:00","modified_gmt":"2017-06-04T22:00:00","slug":"pro-defense-ostrodzie","status":"publish","type":"post","link":"https:\/\/wzl2.mil.pl\/en\/pro-defense-ostrodzie\/","title":{"rendered":"Pro Defense w Ostr\u00f3dzie"},"content":{"rendered":"<p style=\"text-align: left;\">W dniach 1-4 czerwca byli\u015bmy obecni na Targach Proobronnych w Ostr\u00f3dzie. Podczas Pro Defense sw\u00f3j potencja\u0142 zaprezentowa\u0142a ca\u0142a Polska Grupa Zbrojeniowa. Nasze stoisko odwiedzi\u0142 Minister Obrony Narodowej Antoni Macierewicz. Minister zapozna\u0142 si\u0119 z 4 Systemami Bezza\u0142ogowych Statk\u00f3w Powietrznych, kt\u00f3re wystawiali\u015bmy.Targi cieszy\u0142y si\u0119 du\u017cym zainteresowaniem, w szczeg\u00f3lno\u015bci klas mundurowych. Natomiast prezentowane produkty by\u0142y skierowane g\u0142\u00f3wnie do Wojsk Obrony Terytorialnej.<\/p>\n<div id='gallery-1' class='gallery galleryid-5173 gallery-columns-5 gallery-size-medium'><figure class='gallery-item'>\n\t\t\t<div class='gallery-icon landscape'>\n\t\t\t\t<a href='https:\/\/wzl2.mil.pl\/wp-content\/uploads\/aktualnosci_Ostroda_2.jpg'><img fetchpriority=\"high\" decoding=\"async\" width=\"300\" height=\"183\" src=\"https:\/\/wzl2.mil.pl\/wp-content\/uploads\/aktualnosci_Ostroda_2-300x183.jpg\" class=\"attachment-medium size-medium\" alt=\"\" srcset=\"https:\/\/wzl2.mil.pl\/wp-content\/uploads\/aktualnosci_Ostroda_2-300x183.jpg 300w, https:\/\/wzl2.mil.pl\/wp-content\/uploads\/aktualnosci_Ostroda_2-1024x626.jpg 1024w, https:\/\/wzl2.mil.pl\/wp-content\/uploads\/aktualnosci_Ostroda_2-150x92.jpg 150w, https:\/\/wzl2.mil.pl\/wp-content\/uploads\/aktualnosci_Ostroda_2-768x469.jpg 768w, https:\/\/wzl2.mil.pl\/wp-content\/uploads\/aktualnosci_Ostroda_2-1536x938.jpg 1536w, https:\/\/wzl2.mil.pl\/wp-content\/uploads\/aktualnosci_Ostroda_2-2048x1251.jpg 2048w\" sizes=\"(max-width: 300px) 100vw, 300px\" \/><\/a>\n\t\t\t<\/div><\/figure><figure class='gallery-item'>\n\t\t\t<div class='gallery-icon landscape'>\n\t\t\t\t<a href='https:\/\/wzl2.mil.pl\/wp-content\/uploads\/aktualnosci_Ostroda.jpg'><img decoding=\"async\" width=\"300\" height=\"183\" src=\"https:\/\/wzl2.mil.pl\/wp-content\/uploads\/aktualnosci_Ostroda-300x183.jpg\" class=\"attachment-medium size-medium\" alt=\"\" srcset=\"https:\/\/wzl2.mil.pl\/wp-content\/uploads\/aktualnosci_Ostroda-300x183.jpg 300w, https:\/\/wzl2.mil.pl\/wp-content\/uploads\/aktualnosci_Ostroda-1024x626.jpg 1024w, https:\/\/wzl2.mil.pl\/wp-content\/uploads\/aktualnosci_Ostroda-150x92.jpg 150w, https:\/\/wzl2.mil.pl\/wp-content\/uploads\/aktualnosci_Ostroda-768x469.jpg 768w, https:\/\/wzl2.mil.pl\/wp-content\/uploads\/aktualnosci_Ostroda-1536x938.jpg 1536w, https:\/\/wzl2.mil.pl\/wp-content\/uploads\/aktualnosci_Ostroda-2048x1251.jpg 2048w\" sizes=\"(max-width: 300px) 100vw, 300px\" \/><\/a>\n\t\t\t<\/div><\/figure>\n\t\t<\/div>\n\n","protected":false},"excerpt":{"rendered":"<p>W dniach 1-4 czerwca byli\u015bmy obecni na Targach Proobronnych w Ostr\u00f3dzie. Podczas Pro Defense sw\u00f3j potencja\u0142 zaprezentowa\u0142a ca\u0142a Polska Grupa Zbrojeniowa. Nasze stoisko odwiedzi\u0142 Minister Obrony Narodowej Antoni Macierewicz. Minister zapozna\u0142 si\u0119 z 4 Systemami Bezza\u0142ogowych Statk\u00f3w Powietrznych, kt\u00f3re wystawiali\u015bmy.Targi cieszy\u0142y si\u0119 du\u017cym zainteresowaniem, w szczeg\u00f3lno\u015bci klas mundurowych. Natomiast prezentowane produkty by\u0142y skierowane g\u0142\u00f3wnie do [&hellip;]<\/p>\n","protected":false},"author":6,"featured_media":1390,"comment_status":"open","ping_status":"open","sticky":false,"template":"","format":"standard","meta":{"footnotes":""},"categories":[28],"tags":[],"class_list":["post-5173","post","type-post","status-publish","format-standard","has-post-thumbnail","hentry","category-uncategorized"],"yoast_head":"<!-- This site is optimized with the Yoast SEO plugin v27.3 - https:\/\/yoast.com\/product\/yoast-seo-wordpress\/ -->\n<title>Pro Defense w Ostr\u00f3dzie - Wojskowe Zak\u0142ady Lotnicze<\/title>\n<meta name=\"robots\" content=\"index, follow, max-snippet:-1, max-image-preview:large, max-video-preview:-1\" \/>\n<link rel=\"canonical\" href=\"https:\/\/wzl2.mil.pl\/en\/pro-defense-ostrodzie\/\" \/>\n<meta property=\"og:locale\" content=\"en_US\" \/>\n<meta property=\"og:type\" content=\"article\" \/>\n<meta property=\"og:title\" content=\"Pro Defense w Ostr\u00f3dzie - Wojskowe Zak\u0142ady Lotnicze\" \/>\n<meta property=\"og:description\" content=\"W dniach 1-4 czerwca byli\u015bmy obecni na Targach Proobronnych w Ostr\u00f3dzie. Podczas Pro Defense sw\u00f3j potencja\u0142 zaprezentowa\u0142a ca\u0142a Polska Grupa Zbrojeniowa. Nasze stoisko odwiedzi\u0142 Minister Obrony Narodowej Antoni Macierewicz. Minister zapozna\u0142 si\u0119 z 4 Systemami Bezza\u0142ogowych Statk\u00f3w Powietrznych, kt\u00f3re wystawiali\u015bmy.Targi cieszy\u0142y si\u0119 du\u017cym zainteresowaniem, w szczeg\u00f3lno\u015bci klas mundurowych. Natomiast prezentowane produkty by\u0142y skierowane g\u0142\u00f3wnie do [&hellip;]\" \/>\n<meta property=\"og:url\" content=\"https:\/\/wzl2.mil.pl\/en\/pro-defense-ostrodzie\/\" \/>\n<meta property=\"og:site_name\" content=\"Wojskowe Zak\u0142ady Lotnicze\" \/>\n<meta property=\"article:published_time\" content=\"2017-06-04T22:00:00+00:00\" \/>\n<meta property=\"og:image\" content=\"https:\/\/wzl2.mil.pl\/wp-content\/uploads\/aktualnosci_Ostroda_3.jpg\" \/>\n\t<meta property=\"og:image:width\" content=\"2246\" \/>\n\t<meta property=\"og:image:height\" content=\"1372\" \/>\n\t<meta property=\"og:image:type\" content=\"image\/jpeg\" \/>\n<meta name=\"author\" content=\"wzL24xaDs\" \/>\n<meta name=\"twitter:card\" content=\"summary_large_image\" \/>\n<meta name=\"twitter:label1\" content=\"Written by\" \/>\n\t<meta name=\"twitter:data1\" content=\"wzL24xaDs\" \/>\n<script type=\"application\/ld+json\" class=\"yoast-schema-graph\">{\"@context\":\"https:\\\/\\\/schema.org\",\"@graph\":[{\"@type\":\"Article\",\"@id\":\"https:\\\/\\\/wzl2.mil.pl\\\/en\\\/pro-defense-ostrodzie\\\/#article\",\"isPartOf\":{\"@id\":\"https:\\\/\\\/wzl2.mil.pl\\\/en\\\/pro-defense-ostrodzie\\\/\"},\"author\":{\"name\":\"wzL24xaDs\",\"@id\":\"https:\\\/\\\/wzl2.mil.pl\\\/en\\\/#\\\/schema\\\/person\\\/52eb06d988d995ad6d49cb1ff0dc04fb\"},\"headline\":\"Pro Defense w Ostr\u00f3dzie\",\"datePublished\":\"2017-06-04T22:00:00+00:00\",\"mainEntityOfPage\":{\"@id\":\"https:\\\/\\\/wzl2.mil.pl\\\/en\\\/pro-defense-ostrodzie\\\/\"},\"wordCount\":87,\"commentCount\":0,\"publisher\":{\"@id\":\"https:\\\/\\\/wzl2.mil.pl\\\/en\\\/#organization\"},\"image\":{\"@id\":\"https:\\\/\\\/wzl2.mil.pl\\\/en\\\/pro-defense-ostrodzie\\\/#primaryimage\"},\"thumbnailUrl\":\"https:\\\/\\\/wzl2.mil.pl\\\/wp-content\\\/uploads\\\/aktualnosci_Ostroda_3.jpg\",\"inLanguage\":\"en-US\",\"potentialAction\":[{\"@type\":\"CommentAction\",\"name\":\"Comment\",\"target\":[\"https:\\\/\\\/wzl2.mil.pl\\\/en\\\/pro-defense-ostrodzie\\\/#respond\"]}]},{\"@type\":\"WebPage\",\"@id\":\"https:\\\/\\\/wzl2.mil.pl\\\/en\\\/pro-defense-ostrodzie\\\/\",\"url\":\"https:\\\/\\\/wzl2.mil.pl\\\/en\\\/pro-defense-ostrodzie\\\/\",\"name\":\"Pro Defense w Ostr\u00f3dzie - Wojskowe Zak\u0142ady Lotnicze\",\"isPartOf\":{\"@id\":\"https:\\\/\\\/wzl2.mil.pl\\\/en\\\/#website\"},\"primaryImageOfPage\":{\"@id\":\"https:\\\/\\\/wzl2.mil.pl\\\/en\\\/pro-defense-ostrodzie\\\/#primaryimage\"},\"image\":{\"@id\":\"https:\\\/\\\/wzl2.mil.pl\\\/en\\\/pro-defense-ostrodzie\\\/#primaryimage\"},\"thumbnailUrl\":\"https:\\\/\\\/wzl2.mil.pl\\\/wp-content\\\/uploads\\\/aktualnosci_Ostroda_3.jpg\",\"datePublished\":\"2017-06-04T22:00:00+00:00\",\"breadcrumb\":{\"@id\":\"https:\\\/\\\/wzl2.mil.pl\\\/en\\\/pro-defense-ostrodzie\\\/#breadcrumb\"},\"inLanguage\":\"en-US\",\"potentialAction\":[{\"@type\":\"ReadAction\",\"target\":[\"https:\\\/\\\/wzl2.mil.pl\\\/en\\\/pro-defense-ostrodzie\\\/\"]}]},{\"@type\":\"ImageObject\",\"inLanguage\":\"en-US\",\"@id\":\"https:\\\/\\\/wzl2.mil.pl\\\/en\\\/pro-defense-ostrodzie\\\/#primaryimage\",\"url\":\"https:\\\/\\\/wzl2.mil.pl\\\/wp-content\\\/uploads\\\/aktualnosci_Ostroda_3.jpg\",\"contentUrl\":\"https:\\\/\\\/wzl2.mil.pl\\\/wp-content\\\/uploads\\\/aktualnosci_Ostroda_3.jpg\",\"width\":2246,\"height\":1372},{\"@type\":\"BreadcrumbList\",\"@id\":\"https:\\\/\\\/wzl2.mil.pl\\\/en\\\/pro-defense-ostrodzie\\\/#breadcrumb\",\"itemListElement\":[{\"@type\":\"ListItem\",\"position\":1,\"name\":\"Strona g\u0142\u00f3wna\",\"item\":\"https:\\\/\\\/wzl2.mil.pl\\\/en\\\/\"},{\"@type\":\"ListItem\",\"position\":2,\"name\":\"Pro Defense w Ostr\u00f3dzie\"}]},{\"@type\":\"WebSite\",\"@id\":\"https:\\\/\\\/wzl2.mil.pl\\\/en\\\/#website\",\"url\":\"https:\\\/\\\/wzl2.mil.pl\\\/en\\\/\",\"name\":\"Wojskowe Zak\u0142ady Lotnicze\",\"description\":\"\",\"publisher\":{\"@id\":\"https:\\\/\\\/wzl2.mil.pl\\\/en\\\/#organization\"},\"potentialAction\":[{\"@type\":\"SearchAction\",\"target\":{\"@type\":\"EntryPoint\",\"urlTemplate\":\"https:\\\/\\\/wzl2.mil.pl\\\/en\\\/?s={search_term_string}\"},\"query-input\":{\"@type\":\"PropertyValueSpecification\",\"valueRequired\":true,\"valueName\":\"search_term_string\"}}],\"inLanguage\":\"en-US\"},{\"@type\":\"Organization\",\"@id\":\"https:\\\/\\\/wzl2.mil.pl\\\/en\\\/#organization\",\"name\":\"Wojskowe Zak\u0142ady Lotnicze\",\"url\":\"https:\\\/\\\/wzl2.mil.pl\\\/en\\\/\",\"logo\":{\"@type\":\"ImageObject\",\"inLanguage\":\"en-US\",\"@id\":\"https:\\\/\\\/wzl2.mil.pl\\\/en\\\/#\\\/schema\\\/logo\\\/image\\\/\",\"url\":\"https:\\\/\\\/wzl2.mil.pl\\\/wp-content\\\/uploads\\\/cropped-logo_wzl-naglowek-e1679922458229.jpg\",\"contentUrl\":\"https:\\\/\\\/wzl2.mil.pl\\\/wp-content\\\/uploads\\\/cropped-logo_wzl-naglowek-e1679922458229.jpg\",\"width\":100,\"height\":100,\"caption\":\"Wojskowe Zak\u0142ady Lotnicze\"},\"image\":{\"@id\":\"https:\\\/\\\/wzl2.mil.pl\\\/en\\\/#\\\/schema\\\/logo\\\/image\\\/\"}},{\"@type\":\"Person\",\"@id\":\"https:\\\/\\\/wzl2.mil.pl\\\/en\\\/#\\\/schema\\\/person\\\/52eb06d988d995ad6d49cb1ff0dc04fb\",\"name\":\"wzL24xaDs\",\"url\":\"https:\\\/\\\/wzl2.mil.pl\\\/en\\\/author\\\/wzl24xads\\\/\"}]}<\/script>\n<!-- \/ Yoast SEO plugin. -->","yoast_head_json":{"title":"Pro Defense w Ostr\u00f3dzie - Wojskowe Zak\u0142ady Lotnicze","robots":{"index":"index","follow":"follow","max-snippet":"max-snippet:-1","max-image-preview":"max-image-preview:large","max-video-preview":"max-video-preview:-1"},"canonical":"https:\/\/wzl2.mil.pl\/en\/pro-defense-ostrodzie\/","og_locale":"en_US","og_type":"article","og_title":"Pro Defense w Ostr\u00f3dzie - Wojskowe Zak\u0142ady Lotnicze","og_description":"W dniach 1-4 czerwca byli\u015bmy obecni na Targach Proobronnych w Ostr\u00f3dzie. Podczas Pro Defense sw\u00f3j potencja\u0142 zaprezentowa\u0142a ca\u0142a Polska Grupa Zbrojeniowa. Nasze stoisko odwiedzi\u0142 Minister Obrony Narodowej Antoni Macierewicz. Minister zapozna\u0142 si\u0119 z 4 Systemami Bezza\u0142ogowych Statk\u00f3w Powietrznych, kt\u00f3re wystawiali\u015bmy.Targi cieszy\u0142y si\u0119 du\u017cym zainteresowaniem, w szczeg\u00f3lno\u015bci klas mundurowych. Natomiast prezentowane produkty by\u0142y skierowane g\u0142\u00f3wnie do [&hellip;]","og_url":"https:\/\/wzl2.mil.pl\/en\/pro-defense-ostrodzie\/","og_site_name":"Wojskowe Zak\u0142ady Lotnicze","article_published_time":"2017-06-04T22:00:00+00:00","og_image":[{"width":2246,"height":1372,"url":"https:\/\/wzl2.mil.pl\/wp-content\/uploads\/aktualnosci_Ostroda_3.jpg","type":"image\/jpeg"}],"author":"wzL24xaDs","twitter_card":"summary_large_image","twitter_misc":{"Written by":"wzL24xaDs"},"schema":{"@context":"https:\/\/schema.org","@graph":[{"@type":"Article","@id":"https:\/\/wzl2.mil.pl\/en\/pro-defense-ostrodzie\/#article","isPartOf":{"@id":"https:\/\/wzl2.mil.pl\/en\/pro-defense-ostrodzie\/"},"author":{"name":"wzL24xaDs","@id":"https:\/\/wzl2.mil.pl\/en\/#\/schema\/person\/52eb06d988d995ad6d49cb1ff0dc04fb"},"headline":"Pro Defense w Ostr\u00f3dzie","datePublished":"2017-06-04T22:00:00+00:00","mainEntityOfPage":{"@id":"https:\/\/wzl2.mil.pl\/en\/pro-defense-ostrodzie\/"},"wordCount":87,"commentCount":0,"publisher":{"@id":"https:\/\/wzl2.mil.pl\/en\/#organization"},"image":{"@id":"https:\/\/wzl2.mil.pl\/en\/pro-defense-ostrodzie\/#primaryimage"},"thumbnailUrl":"https:\/\/wzl2.mil.pl\/wp-content\/uploads\/aktualnosci_Ostroda_3.jpg","inLanguage":"en-US","potentialAction":[{"@type":"CommentAction","name":"Comment","target":["https:\/\/wzl2.mil.pl\/en\/pro-defense-ostrodzie\/#respond"]}]},{"@type":"WebPage","@id":"https:\/\/wzl2.mil.pl\/en\/pro-defense-ostrodzie\/","url":"https:\/\/wzl2.mil.pl\/en\/pro-defense-ostrodzie\/","name":"Pro Defense w Ostr\u00f3dzie - Wojskowe Zak\u0142ady Lotnicze","isPartOf":{"@id":"https:\/\/wzl2.mil.pl\/en\/#website"},"primaryImageOfPage":{"@id":"https:\/\/wzl2.mil.pl\/en\/pro-defense-ostrodzie\/#primaryimage"},"image":{"@id":"https:\/\/wzl2.mil.pl\/en\/pro-defense-ostrodzie\/#primaryimage"},"thumbnailUrl":"https:\/\/wzl2.mil.pl\/wp-content\/uploads\/aktualnosci_Ostroda_3.jpg","datePublished":"2017-06-04T22:00:00+00:00","breadcrumb":{"@id":"https:\/\/wzl2.mil.pl\/en\/pro-defense-ostrodzie\/#breadcrumb"},"inLanguage":"en-US","potentialAction":[{"@type":"ReadAction","target":["https:\/\/wzl2.mil.pl\/en\/pro-defense-ostrodzie\/"]}]},{"@type":"ImageObject","inLanguage":"en-US","@id":"https:\/\/wzl2.mil.pl\/en\/pro-defense-ostrodzie\/#primaryimage","url":"https:\/\/wzl2.mil.pl\/wp-content\/uploads\/aktualnosci_Ostroda_3.jpg","contentUrl":"https:\/\/wzl2.mil.pl\/wp-content\/uploads\/aktualnosci_Ostroda_3.jpg","width":2246,"height":1372},{"@type":"BreadcrumbList","@id":"https:\/\/wzl2.mil.pl\/en\/pro-defense-ostrodzie\/#breadcrumb","itemListElement":[{"@type":"ListItem","position":1,"name":"Strona g\u0142\u00f3wna","item":"https:\/\/wzl2.mil.pl\/en\/"},{"@type":"ListItem","position":2,"name":"Pro Defense w Ostr\u00f3dzie"}]},{"@type":"WebSite","@id":"https:\/\/wzl2.mil.pl\/en\/#website","url":"https:\/\/wzl2.mil.pl\/en\/","name":"Wojskowe Zak\u0142ady Lotnicze","description":"","publisher":{"@id":"https:\/\/wzl2.mil.pl\/en\/#organization"},"potentialAction":[{"@type":"SearchAction","target":{"@type":"EntryPoint","urlTemplate":"https:\/\/wzl2.mil.pl\/en\/?s={search_term_string}"},"query-input":{"@type":"PropertyValueSpecification","valueRequired":true,"valueName":"search_term_string"}}],"inLanguage":"en-US"},{"@type":"Organization","@id":"https:\/\/wzl2.mil.pl\/en\/#organization","name":"Wojskowe Zak\u0142ady Lotnicze","url":"https:\/\/wzl2.mil.pl\/en\/","logo":{"@type":"ImageObject","inLanguage":"en-US","@id":"https:\/\/wzl2.mil.pl\/en\/#\/schema\/logo\/image\/","url":"https:\/\/wzl2.mil.pl\/wp-content\/uploads\/cropped-logo_wzl-naglowek-e1679922458229.jpg","contentUrl":"https:\/\/wzl2.mil.pl\/wp-content\/uploads\/cropped-logo_wzl-naglowek-e1679922458229.jpg","width":100,"height":100,"caption":"Wojskowe Zak\u0142ady Lotnicze"},"image":{"@id":"https:\/\/wzl2.mil.pl\/en\/#\/schema\/logo\/image\/"}},{"@type":"Person","@id":"https:\/\/wzl2.mil.pl\/en\/#\/schema\/person\/52eb06d988d995ad6d49cb1ff0dc04fb","name":"wzL24xaDs","url":"https:\/\/wzl2.mil.pl\/en\/author\/wzl24xads\/"}]}},"_links":{"self":[{"href":"https:\/\/wzl2.mil.pl\/en\/wp-json\/wp\/v2\/posts\/5173","targetHints":{"allow":["GET"]}}],"collection":[{"href":"https:\/\/wzl2.mil.pl\/en\/wp-json\/wp\/v2\/posts"}],"about":[{"href":"https:\/\/wzl2.mil.pl\/en\/wp-json\/wp\/v2\/types\/post"}],"author":[{"embeddable":true,"href":"https:\/\/wzl2.mil.pl\/en\/wp-json\/wp\/v2\/users\/6"}],"replies":[{"embeddable":true,"href":"https:\/\/wzl2.mil.pl\/en\/wp-json\/wp\/v2\/comments?post=5173"}],"version-history":[{"count":0,"href":"https:\/\/wzl2.mil.pl\/en\/wp-json\/wp\/v2\/posts\/5173\/revisions"}],"wp:featuredmedia":[{"embeddable":true,"href":"https:\/\/wzl2.mil.pl\/en\/wp-json\/wp\/v2\/media\/1390"}],"wp:attachment":[{"href":"https:\/\/wzl2.mil.pl\/en\/wp-json\/wp\/v2\/media?parent=5173"}],"wp:term":[{"taxonomy":"category","embeddable":true,"href":"https:\/\/wzl2.mil.pl\/en\/wp-json\/wp\/v2\/categories?post=5173"},{"taxonomy":"post_tag","embeddable":true,"href":"https:\/\/wzl2.mil.pl\/en\/wp-json\/wp\/v2\/tags?post=5173"}],"curies":[{"name":"wp","href":"https:\/\/api.w.org\/{rel}","templated":true}]}}