{"id":5301,"date":"2014-10-06T00:00:00","date_gmt":"2014-10-05T22:00:00","guid":{"rendered":"http:\/\/nowa.wzl2.mil.pl\/akcje-pracowniczne\/"},"modified":"2014-10-06T00:00:00","modified_gmt":"2014-10-05T22:00:00","slug":"akcje-pracowniczne","status":"publish","type":"post","link":"https:\/\/wzl2.mil.pl\/en\/akcje-pracowniczne\/","title":{"rendered":"Akcje pracowniczne"},"content":{"rendered":"<div style=\"text-align: left;\"><strong>Zarz\u0105d Wojskowych Zak\u0142ad\u00f3w Lotniczych Nr 2 S.A.<\/strong><\/div>\n<div style=\"text-align: left;\"><strong>z siedzib\u0105 w Bydgoszczy 85-915; ul. Szubi\u0144ska 107<br \/>\n<\/strong><\/div>\n<div style=\"text-align: left;\"><strong><br \/>\n<\/strong>dzia\u0142aj\u0105c na podstawie ustawy z dnia 30 sierpnia 1996 r. o komercjalizacji i prywatyzacji (Dz. U. z 2013, poz. 216) oraz \u00a7 8 ust. 1 rozporz\u0105dzenia Ministra Skarbu Pa\u0144stwa z dnia 29 stycznia 2003 r. w sprawie szczeg\u00f3\u0142owych zasad podzia\u0142u uprawnionych pracownik\u00f3w na grupy, ustalania liczny akcji przypadaj\u0105cych na ka\u017cd\u0105 z tych grup oraz trybu nabywania kacji przez uprawnionych pracownik\u00f3w (Dz. U. Nr 35, poz. 303 z p\u00f3\u017an. zm.)<\/div>\n<ol style=\"text-align: left;\">\n<li>Informuje, i\u017c lista uprawnionych pracownik\u00f3w obejmuj\u0105ca okresy zatrudnienia w przedsi\u0119biorstwie pa\u0144stwowym, jego poprzedniku, sp\u00f3\u0142ce oraz \u0142\u0105czny okres zatrudnienia w tych podmiotach wywieszona zostanie w dniu 06.10.2014 roku w siedzibie Sp\u00f3\u0142ki (I pi\u0119tro budynku Portierni).<\/li>\n<li>Uprawnieni pracownicy, kt\u00f3rym wadliwie okre\u015blono ich okres zatrudnienia, w terminie 14 dni od dnia wywieszenia listy, o kt\u00f3rej mowa w pkt 1, tj. do dnia 20.10.2014 roku w siedzibie Sp\u00f3\u0142ki &#8211; w Dziale Personalnym WZL Nr 2 S.A. mog\u0105 z\u0142o\u017cy\u0107 pisemne reklamacje.<\/li>\n<li>Do reklamacji nale\u017cy do\u0142\u0105czy\u0107 dokumenty po\u015bwiadczaj\u0105ce okres zatrudnienia.<\/li>\n<li>Reklamacja zostanie rozpatrzona w formie pisemnej w terminie 14 dni od jej z\u0142o\u017cenia przez komisj\u0119 powo\u0142an\u0105 przez Zarz\u0105d Sp\u00f3\u0142ki. Rozpatrzenie reklamacji wyczerpuje tok post\u0119powania reklamacyjnego.<\/li>\n<li>Prawo do nieodp\u0142atnego nabycia akcji Sp\u00f3\u0142ki mo\u017ce by\u0107 realizowane do dnia 09.12.2016 roku. Po up\u0142ywie tego terminu prawo do nieodp\u0142atnego nabycia akcji wygasa.<\/li>\n<li>O przyst\u0105pieniu do nieodp\u0142atnego zbywania akcji osoby uprawnione zostan\u0105 poinformowane odr\u0119bnym og\u0142oszeniem, kt\u00f3re Sp\u00f3\u0142ka opublikuje w imieniu Ministra Skarbu pa\u0144stwa w gazecie o zasi\u0119gu og\u00f3lnokrajowym i gazecie lokalnej. Og\u0142oszenie b\u0119dzie r\u00f3wnie\u017c wywieszone w siedzibie Sp\u00f3\u0142ki.<\/li>\n<\/ol>\n<div style=\"text-align: left;\"><strong>Zarz\u0105d<br \/>\nWojskowych Zak\u0142ad\u00f3w lotniczych Nr 2 S.A.<\/strong><\/div>\n","protected":false},"excerpt":{"rendered":"<p>Zarz\u0105d Wojskowych Zak\u0142ad\u00f3w Lotniczych Nr 2 S.A. z siedzib\u0105 w Bydgoszczy 85-915; ul. Szubi\u0144ska 107 dzia\u0142aj\u0105c na podstawie ustawy z dnia 30 sierpnia 1996 r. o komercjalizacji i prywatyzacji (Dz. U. z 2013, poz. 216) oraz \u00a7 8 ust. 1 rozporz\u0105dzenia Ministra Skarbu Pa\u0144stwa z dnia 29 stycznia 2003 r. w sprawie szczeg\u00f3\u0142owych zasad podzia\u0142u [&hellip;]<\/p>\n","protected":false},"author":6,"featured_media":0,"comment_status":"open","ping_status":"open","sticky":false,"template":"","format":"standard","meta":{"footnotes":""},"categories":[28],"tags":[],"class_list":["post-5301","post","type-post","status-publish","format-standard","hentry","category-uncategorized"],"yoast_head":"<!-- This site is optimized with the Yoast SEO plugin v27.3 - https:\/\/yoast.com\/product\/yoast-seo-wordpress\/ -->\n<title>Akcje pracowniczne - Wojskowe Zak\u0142ady Lotnicze<\/title>\n<meta name=\"robots\" content=\"index, follow, max-snippet:-1, max-image-preview:large, max-video-preview:-1\" \/>\n<link rel=\"canonical\" href=\"https:\/\/wzl2.mil.pl\/en\/akcje-pracowniczne\/\" \/>\n<meta property=\"og:locale\" content=\"en_US\" \/>\n<meta property=\"og:type\" content=\"article\" \/>\n<meta property=\"og:title\" content=\"Akcje pracowniczne - Wojskowe Zak\u0142ady Lotnicze\" \/>\n<meta property=\"og:description\" content=\"Zarz\u0105d Wojskowych Zak\u0142ad\u00f3w Lotniczych Nr 2 S.A. z siedzib\u0105 w Bydgoszczy 85-915; ul. Szubi\u0144ska 107 dzia\u0142aj\u0105c na podstawie ustawy z dnia 30 sierpnia 1996 r. o komercjalizacji i prywatyzacji (Dz. U. z 2013, poz. 216) oraz \u00a7 8 ust. 1 rozporz\u0105dzenia Ministra Skarbu Pa\u0144stwa z dnia 29 stycznia 2003 r. w sprawie szczeg\u00f3\u0142owych zasad podzia\u0142u [&hellip;]\" \/>\n<meta property=\"og:url\" content=\"https:\/\/wzl2.mil.pl\/en\/akcje-pracowniczne\/\" \/>\n<meta property=\"og:site_name\" content=\"Wojskowe Zak\u0142ady Lotnicze\" \/>\n<meta property=\"article:published_time\" content=\"2014-10-05T22:00:00+00:00\" \/>\n<meta name=\"author\" content=\"wzL24xaDs\" \/>\n<meta name=\"twitter:card\" content=\"summary_large_image\" \/>\n<meta name=\"twitter:label1\" content=\"Written by\" \/>\n\t<meta name=\"twitter:data1\" content=\"wzL24xaDs\" \/>\n\t<meta name=\"twitter:label2\" content=\"Est. reading time\" \/>\n\t<meta name=\"twitter:data2\" content=\"1 minute\" \/>\n<script type=\"application\/ld+json\" class=\"yoast-schema-graph\">{\"@context\":\"https:\\\/\\\/schema.org\",\"@graph\":[{\"@type\":\"Article\",\"@id\":\"https:\\\/\\\/wzl2.mil.pl\\\/en\\\/akcje-pracowniczne\\\/#article\",\"isPartOf\":{\"@id\":\"https:\\\/\\\/wzl2.mil.pl\\\/en\\\/akcje-pracowniczne\\\/\"},\"author\":{\"name\":\"wzL24xaDs\",\"@id\":\"https:\\\/\\\/wzl2.mil.pl\\\/en\\\/#\\\/schema\\\/person\\\/52eb06d988d995ad6d49cb1ff0dc04fb\"},\"headline\":\"Akcje pracowniczne\",\"datePublished\":\"2014-10-05T22:00:00+00:00\",\"mainEntityOfPage\":{\"@id\":\"https:\\\/\\\/wzl2.mil.pl\\\/en\\\/akcje-pracowniczne\\\/\"},\"wordCount\":301,\"commentCount\":0,\"publisher\":{\"@id\":\"https:\\\/\\\/wzl2.mil.pl\\\/en\\\/#organization\"},\"inLanguage\":\"en-US\",\"potentialAction\":[{\"@type\":\"CommentAction\",\"name\":\"Comment\",\"target\":[\"https:\\\/\\\/wzl2.mil.pl\\\/en\\\/akcje-pracowniczne\\\/#respond\"]}]},{\"@type\":\"WebPage\",\"@id\":\"https:\\\/\\\/wzl2.mil.pl\\\/en\\\/akcje-pracowniczne\\\/\",\"url\":\"https:\\\/\\\/wzl2.mil.pl\\\/en\\\/akcje-pracowniczne\\\/\",\"name\":\"Akcje pracowniczne - Wojskowe Zak\u0142ady Lotnicze\",\"isPartOf\":{\"@id\":\"https:\\\/\\\/wzl2.mil.pl\\\/en\\\/#website\"},\"datePublished\":\"2014-10-05T22:00:00+00:00\",\"breadcrumb\":{\"@id\":\"https:\\\/\\\/wzl2.mil.pl\\\/en\\\/akcje-pracowniczne\\\/#breadcrumb\"},\"inLanguage\":\"en-US\",\"potentialAction\":[{\"@type\":\"ReadAction\",\"target\":[\"https:\\\/\\\/wzl2.mil.pl\\\/en\\\/akcje-pracowniczne\\\/\"]}]},{\"@type\":\"BreadcrumbList\",\"@id\":\"https:\\\/\\\/wzl2.mil.pl\\\/en\\\/akcje-pracowniczne\\\/#breadcrumb\",\"itemListElement\":[{\"@type\":\"ListItem\",\"position\":1,\"name\":\"Strona g\u0142\u00f3wna\",\"item\":\"https:\\\/\\\/wzl2.mil.pl\\\/en\\\/\"},{\"@type\":\"ListItem\",\"position\":2,\"name\":\"Akcje pracowniczne\"}]},{\"@type\":\"WebSite\",\"@id\":\"https:\\\/\\\/wzl2.mil.pl\\\/en\\\/#website\",\"url\":\"https:\\\/\\\/wzl2.mil.pl\\\/en\\\/\",\"name\":\"Wojskowe Zak\u0142ady Lotnicze\",\"description\":\"\",\"publisher\":{\"@id\":\"https:\\\/\\\/wzl2.mil.pl\\\/en\\\/#organization\"},\"potentialAction\":[{\"@type\":\"SearchAction\",\"target\":{\"@type\":\"EntryPoint\",\"urlTemplate\":\"https:\\\/\\\/wzl2.mil.pl\\\/en\\\/?s={search_term_string}\"},\"query-input\":{\"@type\":\"PropertyValueSpecification\",\"valueRequired\":true,\"valueName\":\"search_term_string\"}}],\"inLanguage\":\"en-US\"},{\"@type\":\"Organization\",\"@id\":\"https:\\\/\\\/wzl2.mil.pl\\\/en\\\/#organization\",\"name\":\"Wojskowe Zak\u0142ady Lotnicze\",\"url\":\"https:\\\/\\\/wzl2.mil.pl\\\/en\\\/\",\"logo\":{\"@type\":\"ImageObject\",\"inLanguage\":\"en-US\",\"@id\":\"https:\\\/\\\/wzl2.mil.pl\\\/en\\\/#\\\/schema\\\/logo\\\/image\\\/\",\"url\":\"https:\\\/\\\/wzl2.mil.pl\\\/wp-content\\\/uploads\\\/cropped-logo_wzl-naglowek-e1679922458229.jpg\",\"contentUrl\":\"https:\\\/\\\/wzl2.mil.pl\\\/wp-content\\\/uploads\\\/cropped-logo_wzl-naglowek-e1679922458229.jpg\",\"width\":100,\"height\":100,\"caption\":\"Wojskowe Zak\u0142ady Lotnicze\"},\"image\":{\"@id\":\"https:\\\/\\\/wzl2.mil.pl\\\/en\\\/#\\\/schema\\\/logo\\\/image\\\/\"}},{\"@type\":\"Person\",\"@id\":\"https:\\\/\\\/wzl2.mil.pl\\\/en\\\/#\\\/schema\\\/person\\\/52eb06d988d995ad6d49cb1ff0dc04fb\",\"name\":\"wzL24xaDs\",\"url\":\"https:\\\/\\\/wzl2.mil.pl\\\/en\\\/author\\\/wzl24xads\\\/\"}]}<\/script>\n<!-- \/ Yoast SEO plugin. -->","yoast_head_json":{"title":"Akcje pracowniczne - Wojskowe Zak\u0142ady Lotnicze","robots":{"index":"index","follow":"follow","max-snippet":"max-snippet:-1","max-image-preview":"max-image-preview:large","max-video-preview":"max-video-preview:-1"},"canonical":"https:\/\/wzl2.mil.pl\/en\/akcje-pracowniczne\/","og_locale":"en_US","og_type":"article","og_title":"Akcje pracowniczne - Wojskowe Zak\u0142ady Lotnicze","og_description":"Zarz\u0105d Wojskowych Zak\u0142ad\u00f3w Lotniczych Nr 2 S.A. z siedzib\u0105 w Bydgoszczy 85-915; ul. Szubi\u0144ska 107 dzia\u0142aj\u0105c na podstawie ustawy z dnia 30 sierpnia 1996 r. o komercjalizacji i prywatyzacji (Dz. U. z 2013, poz. 216) oraz \u00a7 8 ust. 1 rozporz\u0105dzenia Ministra Skarbu Pa\u0144stwa z dnia 29 stycznia 2003 r. w sprawie szczeg\u00f3\u0142owych zasad podzia\u0142u [&hellip;]","og_url":"https:\/\/wzl2.mil.pl\/en\/akcje-pracowniczne\/","og_site_name":"Wojskowe Zak\u0142ady Lotnicze","article_published_time":"2014-10-05T22:00:00+00:00","author":"wzL24xaDs","twitter_card":"summary_large_image","twitter_misc":{"Written by":"wzL24xaDs","Est. reading time":"1 minute"},"schema":{"@context":"https:\/\/schema.org","@graph":[{"@type":"Article","@id":"https:\/\/wzl2.mil.pl\/en\/akcje-pracowniczne\/#article","isPartOf":{"@id":"https:\/\/wzl2.mil.pl\/en\/akcje-pracowniczne\/"},"author":{"name":"wzL24xaDs","@id":"https:\/\/wzl2.mil.pl\/en\/#\/schema\/person\/52eb06d988d995ad6d49cb1ff0dc04fb"},"headline":"Akcje pracowniczne","datePublished":"2014-10-05T22:00:00+00:00","mainEntityOfPage":{"@id":"https:\/\/wzl2.mil.pl\/en\/akcje-pracowniczne\/"},"wordCount":301,"commentCount":0,"publisher":{"@id":"https:\/\/wzl2.mil.pl\/en\/#organization"},"inLanguage":"en-US","potentialAction":[{"@type":"CommentAction","name":"Comment","target":["https:\/\/wzl2.mil.pl\/en\/akcje-pracowniczne\/#respond"]}]},{"@type":"WebPage","@id":"https:\/\/wzl2.mil.pl\/en\/akcje-pracowniczne\/","url":"https:\/\/wzl2.mil.pl\/en\/akcje-pracowniczne\/","name":"Akcje pracowniczne - Wojskowe Zak\u0142ady Lotnicze","isPartOf":{"@id":"https:\/\/wzl2.mil.pl\/en\/#website"},"datePublished":"2014-10-05T22:00:00+00:00","breadcrumb":{"@id":"https:\/\/wzl2.mil.pl\/en\/akcje-pracowniczne\/#breadcrumb"},"inLanguage":"en-US","potentialAction":[{"@type":"ReadAction","target":["https:\/\/wzl2.mil.pl\/en\/akcje-pracowniczne\/"]}]},{"@type":"BreadcrumbList","@id":"https:\/\/wzl2.mil.pl\/en\/akcje-pracowniczne\/#breadcrumb","itemListElement":[{"@type":"ListItem","position":1,"name":"Strona g\u0142\u00f3wna","item":"https:\/\/wzl2.mil.pl\/en\/"},{"@type":"ListItem","position":2,"name":"Akcje pracowniczne"}]},{"@type":"WebSite","@id":"https:\/\/wzl2.mil.pl\/en\/#website","url":"https:\/\/wzl2.mil.pl\/en\/","name":"Wojskowe Zak\u0142ady Lotnicze","description":"","publisher":{"@id":"https:\/\/wzl2.mil.pl\/en\/#organization"},"potentialAction":[{"@type":"SearchAction","target":{"@type":"EntryPoint","urlTemplate":"https:\/\/wzl2.mil.pl\/en\/?s={search_term_string}"},"query-input":{"@type":"PropertyValueSpecification","valueRequired":true,"valueName":"search_term_string"}}],"inLanguage":"en-US"},{"@type":"Organization","@id":"https:\/\/wzl2.mil.pl\/en\/#organization","name":"Wojskowe Zak\u0142ady Lotnicze","url":"https:\/\/wzl2.mil.pl\/en\/","logo":{"@type":"ImageObject","inLanguage":"en-US","@id":"https:\/\/wzl2.mil.pl\/en\/#\/schema\/logo\/image\/","url":"https:\/\/wzl2.mil.pl\/wp-content\/uploads\/cropped-logo_wzl-naglowek-e1679922458229.jpg","contentUrl":"https:\/\/wzl2.mil.pl\/wp-content\/uploads\/cropped-logo_wzl-naglowek-e1679922458229.jpg","width":100,"height":100,"caption":"Wojskowe Zak\u0142ady Lotnicze"},"image":{"@id":"https:\/\/wzl2.mil.pl\/en\/#\/schema\/logo\/image\/"}},{"@type":"Person","@id":"https:\/\/wzl2.mil.pl\/en\/#\/schema\/person\/52eb06d988d995ad6d49cb1ff0dc04fb","name":"wzL24xaDs","url":"https:\/\/wzl2.mil.pl\/en\/author\/wzl24xads\/"}]}},"_links":{"self":[{"href":"https:\/\/wzl2.mil.pl\/en\/wp-json\/wp\/v2\/posts\/5301","targetHints":{"allow":["GET"]}}],"collection":[{"href":"https:\/\/wzl2.mil.pl\/en\/wp-json\/wp\/v2\/posts"}],"about":[{"href":"https:\/\/wzl2.mil.pl\/en\/wp-json\/wp\/v2\/types\/post"}],"author":[{"embeddable":true,"href":"https:\/\/wzl2.mil.pl\/en\/wp-json\/wp\/v2\/users\/6"}],"replies":[{"embeddable":true,"href":"https:\/\/wzl2.mil.pl\/en\/wp-json\/wp\/v2\/comments?post=5301"}],"version-history":[{"count":0,"href":"https:\/\/wzl2.mil.pl\/en\/wp-json\/wp\/v2\/posts\/5301\/revisions"}],"wp:attachment":[{"href":"https:\/\/wzl2.mil.pl\/en\/wp-json\/wp\/v2\/media?parent=5301"}],"wp:term":[{"taxonomy":"category","embeddable":true,"href":"https:\/\/wzl2.mil.pl\/en\/wp-json\/wp\/v2\/categories?post=5301"},{"taxonomy":"post_tag","embeddable":true,"href":"https:\/\/wzl2.mil.pl\/en\/wp-json\/wp\/v2\/tags?post=5301"}],"curies":[{"name":"wp","href":"https:\/\/api.w.org\/{rel}","templated":true}]}}